{"id":23364,"date":"2023-10-25T15:57:54","date_gmt":"2023-10-25T14:57:54","guid":{"rendered":"https:\/\/www.geklab.com\/orticaria-cronica-cause-cure\/"},"modified":"2025-07-22T14:36:15","modified_gmt":"2025-07-22T13:36:15","slug":"orticaria-cronica-cause-cure","status":"publish","type":"post","link":"https:\/\/www.geklab.com\/es\/orticaria-cronica-cause-cure\/","title":{"rendered":"Urticaria y Urticaria Cr\u00f3nica: causas y perspectivas de tratamiento."},"content":{"rendered":"<div class=\"wp-block-stackable-icon-list stk-block-icon-list stk-block stk-61ed254\" data-block-id=\"61ed254\"><style>.stk-61ed254{column-count:2 !important}.stk-61ed254 ul li{list-style-image:url('data:image\/svg+xml;base64,PHN2ZyB4bWxucz0iaHR0cDovL3d3dy53My5vcmcvMjAwMC9zdmciIHZpZXdCb3g9IjAgMCAxOTAgMTkwIiBzdHlsZT0iZmlsbDogIzAwMCAhaW1wb3J0YW50OyBjb2xvcjogIzAwMCAhaW1wb3J0YW50O3RyYW5zZm9ybTogcm90YXRlKGRlZykgIWltcG9ydGFudDsiPjxwb2x5Z29uIHBvaW50cz0iMTczLjgsMjguNCA2MC40LDE0MS44IDE1LjcsOTcuMiA1LjEsMTA3LjggNjAuNCwxNjMgMTg0LjQsMzkgMTczLjgsMjguNCIgZmlsbD0iIzAwMCIgc3Ryb2tlPSIjMDAwIiBzdHlsZT0iZmlsbDogcmdiKDAsIDAsIDApOyBzdHJva2U6IHJnYigwLCAwLCAwKTsiLz48L3N2Zz4=') !important}@media screen and (max-width:767px){.stk-61ed254{column-count:1 !important}}<\/style><ol><li><a href=\"#cause\">Causas de la Urticaria<\/a><\/li><li><a href=\"#cronica\">Urticaria Cr\u00f3nica<\/a><\/li><li><a href=\"#zuccheri\">Urticaria y el papel de los az\u00facares<\/a><\/li><li><a href=\"#trattamento\">Tratamiento de la urticaria recurrente y de la urticaria cr\u00f3nica<\/a><\/li><\/ol><\/div><figure class=\"wp-block-image alignleft size-full is-resized\"><img loading=\"lazy\" decoding=\"async\" width=\"750\" height=\"500\" src=\"https:\/\/www.geklab.com\/wp-content\/uploads\/2023\/10\/Orticaria-cronica-quando-serve-qualcosa-in-piu_articleimage.jpg\" alt=\"prurito al braccio per colpa dell'orticaria\" class=\"wp-image-11155\" style=\"width:473px;height:auto\" srcset=\"https:\/\/www.geklab.com\/wp-content\/uploads\/2023\/10\/Orticaria-cronica-quando-serve-qualcosa-in-piu_articleimage.jpg 750w, https:\/\/www.geklab.com\/wp-content\/uploads\/2023\/10\/Orticaria-cronica-quando-serve-qualcosa-in-piu_articleimage-600x400.jpg 600w, https:\/\/www.geklab.com\/wp-content\/uploads\/2023\/10\/Orticaria-cronica-quando-serve-qualcosa-in-piu_articleimage-300x200.jpg 300w\" sizes=\"auto, (max-width: 750px) 100vw, 750px\" \/><\/figure><p id=\"cause\">La urticaria es una de las afecciones dermatol\u00f3gicas m\u00e1s comunes y se manifiesta con picaz\u00f3n y manchas rojas, a menudo elevadas. Es una se\u00f1al de advertencia que indica, a nivel epid\u00e9rmico, un trastorno en la relaci\u00f3n de nuestro organismo con alimentos, medicamentos u otras sustancias. Pero, \u00bfqu\u00e9 desencadena esta reacci\u00f3n cut\u00e1nea y c\u00f3mo se puede tratar eficazmente?<\/p><div class=\"wp-block-stackable-heading stk-block-heading stk-block-heading--v2 stk-block stk-f5b62c3\" id=\"strong-strong-causas-de-la-urticaria-strong-strong\" data-block-id=\"f5b62c3\"><style>.stk-f5b62c3{margin-bottom:15px !important}<\/style><h2 class=\"stk-block-heading__text\"><strong><strong>Causas de la Urticaria<\/strong><\/strong><\/h2><\/div><p>La reacci\u00f3n de enrojecimiento y picaz\u00f3n es el resultado de una <strong>compleja respuesta inflamatoria<\/strong>, orquestada por las c\u00e9lulas del sistema inmunitario. Estos mecanismos, que tienen como efecto la vasodilataci\u00f3n y la estimulaci\u00f3n de las terminaciones nerviosas, forman parte de las defensas naturales del organismo, que reacciona ante sustancias percibidas como da\u00f1inas atrayendo c\u00e9lulas inmunitarias a la zona afectada.<\/p><p><\/p><blockquote class=\"wp-block-stackable-blockquote stk-block-blockquote stk-block stk-8339d85 is-style-simple\" data-v=\"2\" data-block-id=\"8339d85\"><style>.stk-8339d85{margin-bottom:0px !important}<\/style><div class=\"has-text-align-left stk-block-blockquote__content stk-container stk-8339d85-container stk--no-background stk--no-padding\"><div class=\"stk-block-content stk-inner-blocks\"><div class=\"wp-block-stackable-icon stk-block-icon stk-block stk-3ce51f5\" data-block-id=\"3ce51f5\"><style>.stk-3ce51f5{left:-50px !important;position:absolute !important;opacity:0.2 !important}.stk-3ce51f5 .stk--svg-wrapper .stk--inner-svg svg:last-child{height:100px !important;width:100px !important}.stk-3ce51f5 .stk--svg-wrapper .stk--inner-svg svg:last-child,.stk-3ce51f5 .stk--svg-wrapper .stk--inner-svg svg:last-child :is(g,path,rect,polygon,ellipse){fill:var(--theme-palette-color-1,#088fa8) !important}@media screen and (max-width:767px){.stk-3ce51f5{left:0px !important}}<\/style><span class=\"stk--svg-wrapper\"><div class=\"stk--inner-svg\"><svg style=\"height:0;width:0\"><defs><linearGradient id=\"linear-gradient-3ce51f5\" x1=\"0\" x2=\"100%\" y1=\"0\" y2=\"0\"><stop offset=\"0%\" style=\"stop-opacity:1;stop-color:var(--linear-gradient-3-ce-51-f-5-color-1)\"><\/stop><stop offset=\"100%\" style=\"stop-opacity:1;stop-color:var(--linear-gradient-3-ce-51-f-5-color-2)\"><\/stop><\/linearGradient><\/defs><\/svg><svg xmlns=\"http:\/\/www.w3.org\/2000\/svg\" viewBox=\"0 0 50 50\" aria-hidden=\"true\" width=\"32\" height=\"32\"><path d=\"M22.3 30.5c0 6-4.8 10.8-10.8 10.8-2.3 0-4.5-.8-6.3-2-.9-.6-1.8-1.4-2.5-2.4-1.8-2.4-2.7-5.4-2.7-9 0-4.5 1.3-8.5 4-11.9 2.7-3.4 6.4-5.8 11.1-7.3v2.8c-2.7 2.2-4.4 5-4.9 8.3.4-.1.9-.1 1.3-.1 6-.1 10.8 4.8 10.8 10.8zm16.9-10.9c-.5 0-.9 0-1.3.1.5-3.3 2.2-6.1 4.9-8.3V8.7c-4.7 1.4-8.4 3.9-11.1 7.3-2.7 3.4-4 7.4-4 11.9 0 3.6.9 6.6 2.7 9 .8 1 1.6 1.8 2.5 2.4 1.8 1.3 3.9 2 6.3 2 6 0 10.8-4.8 10.8-10.8 0-6-4.8-10.9-10.8-10.9z\"><\/path><\/svg><\/div><\/span><\/div>\n\n<div class=\"wp-block-stackable-text stk-block-text stk-block stk-1c8d967\" data-block-id=\"1c8d967\"><style>.stk-1c8d967 .stk-block-text__text{font-size:25px !important}@media screen and (max-width:1023px){.stk-1c8d967 .stk-block-text__text{font-size:25px !important}}<\/style><p class=\"stk-block-text__text\"><strong><span style=\"color: var(--theme-palette-color-1, #088fa8);\" class=\"stk-highlight\"><strong><span style=\"color: var(--theme-palette-color-1, #088fa8);\" class=\"stk-highlight\">La urticaria cr\u00f3nica, que persiste m\u00e1s de 6 semanas a pesar del tratamiento, indica muy probablemente una condici\u00f3n inflamatoria sist\u00e9mica, que a menudo es causada por una ingesta excesiva o repetida de ciertos alimentos.<\/span><\/strong><\/span><\/strong><\/p><\/div><\/div><\/div><\/blockquote><div style=\"height:20px\" aria-hidden=\"true\" class=\"wp-block-spacer\"><\/div><style>.kadence-column23364_987ec7-42 > .kt-inside-inner-col,.kadence-column23364_987ec7-42 > .kt-inside-inner-col:before{border-top-left-radius:30px;border-top-right-radius:30px;border-bottom-right-radius:30px;border-bottom-left-radius:30px;}.kadence-column23364_987ec7-42 > .kt-inside-inner-col{background-color:#ebebeb;}.kadence-column23364_987ec7-42 > .kt-inside-inner-col:before{opacity:0.3;}.kadence-column23364_987ec7-42{position:relative;}<\/style>\n<div class=\"wp-block-kadence-column kadence-column23364_987ec7-42 kadence-column_33b0ff-ad\"><div class=\"kt-inside-inner-col\"><style>.kb-row-layout-wrap.wp-block-kadence-rowlayout.kb-row-layout-id23364_da1897-5f{margin-top:0px;margin-bottom:0px;}.kb-row-layout-id23364_da1897-5f > .kt-row-column-wrap{align-content:center;}:where(.kb-row-layout-id23364_da1897-5f > .kt-row-column-wrap) > .wp-block-kadence-column{justify-content:center;}.kb-row-layout-id23364_da1897-5f > .kt-row-column-wrap{column-gap:var(--global-kb-gap-md, 2rem);row-gap:var(--global-kb-gap-md, 2rem);padding-top:0px;padding-bottom:10px;padding-left:250px;grid-template-columns:minmax(0, 80%) minmax(0, 20%);}.kb-row-layout-id23364_da1897-5f{background-image:url('https:\/\/www.geklab.com\/wp-content\/uploads\/2022\/06\/slider4-copia-1.png');background-size:contain;background-position:3% 100%;background-attachment:scroll;background-repeat:no-repeat;}.kb-row-layout-id23364_da1897-5f > .kt-row-layout-overlay{opacity:0.30;}.kb-row-layout-id23364_da1897-5f .kt-row-layout-bottom-sep{height:100px;}.kb-row-layout-id23364_da1897-5f .kt-row-layout-bottom-sep svg{width:100%;}.kb-row-layout-id23364_da1897-5f .kt-row-layout-bottom-sep svg{fill:#ffffff!important;}@media all and (max-width: 1024px){.kb-row-layout-id23364_da1897-5f > .kt-row-column-wrap{padding-right:0px;padding-left:45px;grid-template-columns:minmax(0, 2fr) minmax(0, 1fr);}}@media all and (max-width: 1024px){.kb-row-layout-id23364_da1897-5f{background-image:none !important;}}@media all and (max-width: 1024px){.kb-row-layout-id23364_da1897-5f [id*=\"jarallax-container-\"]{display:none !important;}}@media all and (max-width: 1024px){.kb-row-layout-id23364_da1897-5f .kt-row-layout-bottom-sep{height:px;}}@media all and (max-width: 1024px){.kb-row-layout-id23364_da1897-5f .kt-row-layout-bottom-sep svg{width:%;}}@media all and (max-width: 767px){.kb-row-layout-id23364_da1897-5f > .kt-row-column-wrap{column-gap:var(--global-kb-gap-none, 0 );row-gap:var(--global-kb-gap-none, 0 );padding-top:30px;padding-right:20px;padding-bottom:20px;padding-left:20px;grid-template-columns:minmax(0, 1fr);}.kb-row-layout-wrap.wp-block-kadence-rowlayout.kb-row-layout-id23364_da1897-5f{background-image:none !important;}.kb-row-layout-id23364_da1897-5f [id*=\"jarallax-container-\"]{display:none !important;}.kb-row-layout-id23364_da1897-5f > .kt-row-layout-overlay{opacity:0.30;background-image:url('https:\/\/www.geklab.com\/wp-content\/uploads\/2022\/09\/copertina.png');background-size:contain;background-position:right bottom;background-attachment:fixed;background-repeat:no-repeat;}.kb-row-layout-id23364_da1897-5f .kt-row-layout-bottom-sep{height:px;}.kb-row-layout-id23364_da1897-5f .kt-row-layout-bottom-sep svg{width:%;}}<\/style><div class=\"kb-row-layout-wrap kb-row-layout-id23364_da1897-5f alignnone kt-row-has-bg wp-block-kadence-rowlayout\"><div class=\"kt-row-layout-overlay kt-row-overlay-normal\"><\/div><div class=\"kt-row-column-wrap kt-has-2-columns kt-row-layout-equal kt-tab-layout-left-golden kt-mobile-layout-row kt-row-valign-middle\">\n<style>.kadence-column23364_bb15c7-8d > .kt-inside-inner-col,.kadence-column23364_bb15c7-8d > .kt-inside-inner-col:before{border-top-left-radius:0px;border-top-right-radius:0px;border-bottom-right-radius:0px;border-bottom-left-radius:0px;}.kadence-column23364_bb15c7-8d > .kt-inside-inner-col:before{opacity:0.3;}.kadence-column23364_bb15c7-8d{position:relative;}@media all and (max-width: 767px){.kadence-column23364_bb15c7-8d{text-align:center;}}<\/style>\n<div class=\"wp-block-kadence-column kadence-column23364_bb15c7-8d inner-column-1\"><div class=\"kt-inside-inner-col\"><div style=\"height:15px\" aria-hidden=\"true\" class=\"wp-block-spacer\"><\/div>\n\n<div class=\"wp-block-stackable-image stk-block-image has-text-align-left has-text-align-center-mobile stk-block stk-1fd7d15 alignleft\" data-block-id=\"1fd7d15\"><style>.stk-1fd7d15 .stk-img-wrapper{height:50px !important}.stk-1fd7d15 .stk-img-wrapper img{object-position:0% 50% !important;object-fit:contain !important}@media screen and (max-width:767px){.stk-1fd7d15{padding-right:60px !important;padding-left:60px !important}.stk-1fd7d15 .stk-img-wrapper img{object-fit:contain !important}}<\/style><a class=\"stk-link\" href=\"\/perme-test\/\"><div class=\"stk-img-wrapper stk-image--shape-stretch\"><img loading=\"lazy\" decoding=\"async\" class=\"stk-img wp-image-19755\" src=\"https:\/\/www.geklab.com\/wp-content\/uploads\/2025\/02\/PerMe_medical_program.webp\" width=\"1576\" height=\"418\" srcset=\"https:\/\/www.geklab.com\/wp-content\/uploads\/2025\/02\/PerMe_medical_program.webp 1576w, https:\/\/www.geklab.com\/wp-content\/uploads\/2025\/02\/PerMe_medical_program-300x80.webp 300w, https:\/\/www.geklab.com\/wp-content\/uploads\/2025\/02\/PerMe_medical_program-1024x272.webp 1024w, https:\/\/www.geklab.com\/wp-content\/uploads\/2025\/02\/PerMe_medical_program-768x204.webp 768w, https:\/\/www.geklab.com\/wp-content\/uploads\/2025\/02\/PerMe_medical_program-1536x407.webp 1536w, https:\/\/www.geklab.com\/wp-content\/uploads\/2025\/02\/PerMe_medical_program-600x159.webp 600w\" sizes=\"auto, (max-width: 1576px) 100vw, 1576px\" \/><\/div><\/a><\/div>\n\n<div style=\"height:1px\" aria-hidden=\"true\" class=\"wp-block-spacer\"><\/div>\n\n<p>Para tratar una <strong>urticaria recurrente<\/strong> o que resiste a los antihistam\u00ednicos, GEK Lab recomienda realizar un <strong>PerM\u00e8 Medical Program.<\/strong><\/p><\/div><\/div>\n\n<style>.kadence-column23364_6548b6-43 > .kt-inside-inner-col,.kadence-column23364_6548b6-43 > .kt-inside-inner-col:before{border-top-left-radius:0px;border-top-right-radius:0px;border-bottom-right-radius:0px;border-bottom-left-radius:0px;}.kadence-column23364_6548b6-43 > .kt-inside-inner-col:before{opacity:0.3;}.kadence-column23364_6548b6-43{text-align:center;}.kadence-column23364_6548b6-43{position:relative;}<\/style>\n<div class=\"wp-block-kadence-column kadence-column23364_6548b6-43\"><div class=\"kt-inside-inner-col\"><div class=\"wp-block-stackable-image stk-block-image has-text-align-center stk-block stk-af48962\" data-block-id=\"af48962\"><style>.stk-af48962{margin-bottom:0px !important}.stk-af48962 .stk-img-wrapper{width:150px !important}<\/style><figure><div class=\"stk-img-wrapper stk-image--shape-stretch\"><img loading=\"lazy\" decoding=\"async\" class=\"stk-img wp-image-19877\" src=\"https:\/\/www.geklab.com\/wp-content\/uploads\/2025\/02\/perme-ita-scaled.webp\" width=\"2560\" height=\"2560\" srcset=\"https:\/\/www.geklab.com\/wp-content\/uploads\/2025\/02\/perme-ita-scaled.webp 2560w, https:\/\/www.geklab.com\/wp-content\/uploads\/2025\/02\/perme-ita-300x300.webp 300w, https:\/\/www.geklab.com\/wp-content\/uploads\/2025\/02\/perme-ita-1024x1024.webp 1024w, https:\/\/www.geklab.com\/wp-content\/uploads\/2025\/02\/perme-ita-150x150.webp 150w, https:\/\/www.geklab.com\/wp-content\/uploads\/2025\/02\/perme-ita-768x768.webp 768w, https:\/\/www.geklab.com\/wp-content\/uploads\/2025\/02\/perme-ita-1536x1536.webp 1536w, https:\/\/www.geklab.com\/wp-content\/uploads\/2025\/02\/perme-ita-2048x2048.webp 2048w, https:\/\/www.geklab.com\/wp-content\/uploads\/2025\/02\/perme-ita-64x64.webp 64w, https:\/\/www.geklab.com\/wp-content\/uploads\/2025\/02\/perme-ita-600x600.webp 600w, https:\/\/www.geklab.com\/wp-content\/uploads\/2025\/02\/perme-ita-100x100.webp 100w\" sizes=\"auto, (max-width: 2560px) 100vw, 2560px\" \/><\/div><\/figure><\/div>\n\n<div class=\"wp-block-stackable-button-group stk-block-button-group stk-block stk-111e9ac\" data-block-id=\"111e9ac\"><style>.stk-111e9ac{padding-top:0px !important;padding-right:0px !important;padding-bottom:0px !important;padding-left:0px !important;margin-bottom:0px !important}<\/style><div class=\"stk-row stk-inner-blocks has-text-align-center stk-block-content stk-button-group\"><div class=\"wp-block-stackable-button stk-block-button has-text-align-center stk-block stk-bd7e322\" data-block-id=\"bd7e322\"><style>.stk-bd7e322{margin-top:0px !important;margin-right:0px !important;margin-bottom:0px !important;margin-left:0px !important}<\/style><a class=\"stk-link stk-button stk--hover-effect-darken\" href=\"https:\/\/www.geklab.com\/es\/perme-medical-program\/\"><span class=\"stk-button__inner-text\">Descubre m\u00e1s<\/span><\/a><\/div><\/div><\/div><\/div><\/div>\n<\/div><\/div><\/div><\/div><style>.kb-row-layout-id23364_0d47c2-0a > .kt-row-column-wrap{align-content:start;}:where(.kb-row-layout-id23364_0d47c2-0a > .kt-row-column-wrap) > .wp-block-kadence-column{justify-content:start;}.kb-row-layout-id23364_0d47c2-0a > .kt-row-column-wrap{column-gap:var(--global-kb-gap-md, 2rem);row-gap:var(--global-kb-gap-md, 2rem);padding-top:var(--global-kb-spacing-sm, 1.5rem);padding-bottom:var(--global-kb-spacing-sm, 1.5rem);grid-template-columns:minmax(0, 1fr);}.kb-row-layout-id23364_0d47c2-0a > .kt-row-layout-overlay{opacity:0.30;}@media all and (max-width: 1024px){.kb-row-layout-id23364_0d47c2-0a > .kt-row-column-wrap{grid-template-columns:minmax(0, 1fr);}}@media all and (max-width: 767px){.kb-row-layout-id23364_0d47c2-0a > .kt-row-column-wrap{grid-template-columns:minmax(0, 1fr);}}<\/style><div class=\"kb-row-layout-wrap kb-row-layout-id23364_0d47c2-0a alignnone wp-block-kadence-rowlayout\"><div class=\"kt-row-column-wrap kt-has-1-columns kt-row-layout-equal kt-tab-layout-inherit kt-mobile-layout-row kt-row-valign-top\">\n<style>.kadence-column23364_8a8308-e6 > .kt-inside-inner-col,.kadence-column23364_8a8308-e6 > .kt-inside-inner-col:before{border-top-left-radius:0px;border-top-right-radius:0px;border-bottom-right-radius:0px;border-bottom-left-radius:0px;}.kadence-column23364_8a8308-e6 > .kt-inside-inner-col:before{opacity:0.3;}.kadence-column23364_8a8308-e6{position:relative;}<\/style>\n<div class=\"wp-block-kadence-column kadence-column23364_8a8308-e6 inner-column-1\"><div class=\"kt-inside-inner-col\"><p>La mayor\u00eda de las veces, la relaci\u00f3n causa-efecto es evidente: se identifica el alimento inusual, el medicamento o el evento (la picadura de un insecto, el contacto con un agente qu\u00edmico) que probablemente caus\u00f3 la reacci\u00f3n y se tratan los s\u00edntomas agudos con un antihistam\u00ednico. Prestando atenci\u00f3n, para el futuro, a evitar las circunstancias que desencadenaron la reacci\u00f3n.<\/p>\n\n<p id=\"cronica\">A veces resulta m\u00e1s dif\u00edcil identificar las causas de la urticaria. Es el caso de reacciones debidas a <strong>al\u00e9rgenos ambientales <\/strong>(como \u00e1caros, mohos o polvo), a <strong>enfermedades sist\u00e9micas<\/strong> (como l<a href=\"https:\/\/www.geklab.com\/es\/tiroide\/\">a tiroiditis de Hashimoto<\/a> o la <a href=\"https:\/\/www.geklab.com\/es\/celiaca-o-inflamacion\/\">celiaqu\u00eda<\/a>), <strong>a infecciones cr\u00f3nicas<\/strong> (como un granuloma dental) o a la ingesti\u00f3n de alimentos habituales. En estos casos se requieren ex\u00e1menes e investigaciones m\u00e1s profundas para entender de d\u00f3nde proviene la reacci\u00f3n al\u00e9rgica.<\/p>\n\n<div class=\"wp-block-stackable-heading stk-block-heading stk-block-heading--v2 stk-block stk-2d7090c\" id=\"strong-urticaria-cronica-strong\" data-block-id=\"2d7090c\"><style>.stk-2d7090c{margin-bottom:16px !important}<\/style><h2 class=\"stk-block-heading__text\"><strong>Urticaria cr\u00f3nica<\/strong><\/h2><\/div>\n\n<p>En algunos casos, las manifestaciones de urticaria no se limitan a un episodio agudo y de corta duraci\u00f3n, sino que comienzan a repetirse. Y los an\u00e1lisis de rutina cl\u00e1sicos no arrojan resultados \u00fatiles.<\/p>\n\n<p id=\"zuccheri\">La urticaria cr\u00f3nica, que <strong>persiste m\u00e1s de 6 semanas <\/strong>a pesar del tratamiento, indica muy probablemente una condici\u00f3n inflamatoria sist\u00e9mica, que a menudo es causada por una ingesta excesiva o repetida de ciertos alimentos. Una forma de urticaria poco sensible a los antihistam\u00ednicos siempre sugiere la necesidad de investigar <strong>la inflamaci\u00f3n relacionada con la alimentaci\u00f3n.<\/strong><\/p>\n\n<div class=\"wp-block-stackable-heading stk-block-heading stk-block-heading--v2 stk-block stk-2658362\" id=\"strong-urticaria-y-el-papel-de-los-azucares-strong\" data-block-id=\"2658362\"><style>.stk-2658362{margin-bottom:15px !important}<\/style><h2 class=\"stk-block-heading__text\"><strong>Urticaria y el papel de los az\u00facares<\/strong><\/h2><\/div>\n\n<p><a href=\"https:\/\/pmc.ncbi.nlm.nih.gov\/articles\/PMC10111965\/\">Investigaciones muy recientes<\/a> han demostrado que en la mayor\u00eda de los casos las reacciones al\u00e9rgicas no son generadas por un solo factor desencadenante (la cl\u00e1sica reacci\u00f3n a p\u00f3lenes, alimentos o medicamentos), sino que se atribuyen a <strong>causas multifactoriales,<\/strong> en las que la <a href=\"https:\/\/www.geklab.com\/es\/medir-la-albumina-glicada-que-nos-cuenta\/\">glicaci\u00f3n<\/a>, es decir, la acci\u00f3n de az\u00facares consumidos en exceso, juega un papel fundamental.<\/p>\n\n<p>Los az\u00facares y sustancias afines (como el alcohol, los az\u00facares de la fruta y los polioles) de hecho da\u00f1an el epitelio intestinal, permitiendo el paso de mol\u00e9culas alimentarias no completamente digeridas, que normalmente ser\u00edan inocuas. Al alterar la forma en que las mol\u00e9culas de comida son percibidas por el sistema inmunitario, inducen una reacci\u00f3n al\u00e9rgica o similar a una alergia. En la pr\u00e1ctica, un exceso de az\u00facares puede causar reacciones adversas a alimentos previamente bien tolerados, no debido al alimento en s\u00ed, sino al exceso de az\u00facares consumidos.<\/p>\n\n<p>El al\u00e9rgeno se convierte, en resumen, en culpable solo por ser la \u201cgota que colm\u00f3 el vaso\u201d de un organismo que lleva tiempo inflamado y predispuesto a reaccionar.<\/p>\n\n<p id=\"trattamento\">Este mecanismo tambi\u00e9n ayuda a comprender c\u00f3mo muchas condiciones, desde la <a href=\"https:\/\/www.geklab.com\/cistite-e-infiammazione\/\">cistitis <\/a>hasta la <a href=\"https:\/\/www.geklab.com\/es\/candida-cause-sintomi-rimedi-naturali\/\">candidiasis<\/a>, desde la <a href=\"https:\/\/www.geklab.com\/emicrania-mal-di-testa-alimentazione-e-infiammazione\/\">migra\u00f1a<\/a> hasta la <a href=\"https:\/\/www.geklab.com\/artrite-e-alimentazione\/\">artritis<\/a> o el <a href=\"https:\/\/www.geklab.com\/es\/reflujo-gastroesofagico-sintomas-causas-inflamatorias-y-terapia\/\">reflujo gastroesof\u00e1gico<\/a>, son a menudo causadas por una inflamaci\u00f3n sist\u00e9mica, en la que el factor relacionado con los az\u00facares juega un papel predominante en causar un desequilibrio en el sistema inmunitar<\/p>\n\n<div class=\"wp-block-stackable-heading stk-block-heading stk-block-heading--v2 stk-block stk-f78675b\" id=\"strong-tratamiento-de-la-urticaria-recurrente-y-de-la-urticaria-cronica-strong\" data-block-id=\"f78675b\"><style>.stk-f78675b{margin-bottom:15px !important}<\/style><h2 class=\"stk-block-heading__text\"><strong>Tratamiento de la urticaria recurrente y de la urticaria cr\u00f3nica<\/strong><\/h2><\/div>\n\n<p>Adem\u00e1s de los tratamientos tradicionales con antihistam\u00ednicos, la investigaci\u00f3n ha abierto la posibilidad a nuevos enfoques en el tratamiento de la urticaria recurrente, especialmente \u00fatiles cuando resulta complicado identificar las causas desencadenantes.<\/p>\n\n<p>En estos casos, el procedimiento prev\u00e9 ante todo la realizaci\u00f3n de un test ISAC o similares que, con una sola extracci\u00f3n de sangre, pone en evidencia la reactividad a al\u00e9rgenos individuales. Esto permite verificar, junto con el especialista, la posible<strong> presencia de alergias \u201ccl\u00e1sicas\u201d<\/strong>, es decir, aquellas mediadas por las inmunoglobulinas E (o IgE, que son los anticuerpos que el sistema inmunitario produce en respuesta a al\u00e9rgenos espec\u00edficos). Desafortunadamente, en la mayor\u00eda de los casos estos an\u00e1lisis resultan negativos y es necesario ampliar la b\u00fasqueda de las causas: no debe pasarse por alto el contexto en el que se manifiesta la urticaria.<\/p>\n\n<p>Es importante evaluar tanto los niveles de vitamina D3 y zinc, que desempe\u00f1an un papel en la modulaci\u00f3n de la respuesta inmunitaria, como, sobre todo,<strong> la inflamaci\u00f3n derivada de los az\u00facares y los alimentos.<\/strong><\/p>\n\n<p>Se puede optar por realizar un <a href=\"https:\/\/www.geklab.com\/es\/perme-medical-program\/\">PerM\u00e8 Medical Program<\/a>, que permite evaluar tanto la inflamaci\u00f3n relacionada con los alimentos (mediante la medici\u00f3n de los niveles de citocinas inflamatorias como <a href=\"https:\/\/www.geklab.com\/es\/baff-una-molecula-con-muchos-roles-por-que-medirla-y-como-gestionarla\/\">BAFF<\/a> y <a href=\"https:\/\/www.geklab.com\/es\/paf-un-indicador-de-inflamacion-modulable-a-traves-de-la-alimentacion\/\">PAF<\/a>) como la inflamaci\u00f3n provocada por los az\u00facares (mediante la medici\u00f3n de <a href=\"https:\/\/www.geklab.com\/es\/metilglioxal-un-nuevo-marcador-de-variabilidad-glucemica\/\">metilglioxal <\/a>y <a href=\"https:\/\/www.geklab.com\/es\/medir-la-albumina-glicada-que-nos-cuenta\/\">alb\u00famina glicada<\/a>).<\/p>\n\n<p>El producto, accesible para todos, permite elaborar un perfil alimentario personal, que sugiere qu\u00e9 alimentos limitar y c\u00f3mo gestionarlos dentro de la propia dieta.<\/p>\n\n<p>Seguir estas recomendaciones suele ser suficiente para reducir la necesidad de otras terapias con antihistam\u00ednicos o corticoides, y en muchos casos conduce a una recuperaci\u00f3n completa.<\/p>\n\n<p><strong>Conclusi\u00f3n<\/strong><\/p>\n\n<p>La urticaria, con sus m\u00faltiples causas y manifestaciones, representa un desaf\u00edo para la medicina moderna. Sin embargo, gracias a los avances en la investigaci\u00f3n, estamos ampliando nuestra comprensi\u00f3n y desarrollando tratamientos m\u00e1s espec\u00edficos. Si padeces una urticaria recurrente que resiste a las terapias tradicionales, es esencial consultar a un m\u00e9dico para obtener un diagn\u00f3stico preciso y un enfoque terap\u00e9utico personalizado. Con la evoluci\u00f3n del conocimiento y de las terapias, el objetivo es ofrecer a los pacientes una vida libre de los s\u00edntomas de la urticaria.<\/p>\n\n<p><em>A cargo de la <a href=\"https:\/\/www.geklab.com\/es\/la-redaccion-cientifica\/\">Redacci\u00f3n Cient\u00edfica de GEK Lab<\/a> <\/em><\/p>\n\n<div class=\"wp-block-stackable-heading stk-block-heading stk-block-heading--v2 stk-block stk-11692d3\" id=\"articoli-correlati\" data-block-id=\"11692d3\"><style>.stk-11692d3 .stk-block-heading__text{font-size:30px !important}@media screen and (max-width:1023px){.stk-11692d3 .stk-block-heading__text{font-size:30px !important}}<\/style><h3 class=\"stk-block-heading__text has-text-align-center\">Articoli correlati<\/h3><\/div>\n\n<style>.kb-row-layout-id23364_00ffa6-b5 > .kt-row-column-wrap{align-content:start;}:where(.kb-row-layout-id23364_00ffa6-b5 > .kt-row-column-wrap) > .wp-block-kadence-column{justify-content:start;}.kb-row-layout-id23364_00ffa6-b5 > .kt-row-column-wrap{column-gap:var(--global-kb-gap-md, 2rem);row-gap:var(--global-kb-gap-md, 2rem);padding-top:0px;padding-bottom:25px;grid-template-columns:minmax(0, 1fr);}.kb-row-layout-id23364_00ffa6-b5 > .kt-row-layout-overlay{opacity:0.30;}@media all and (max-width: 1024px){.kb-row-layout-id23364_00ffa6-b5 > .kt-row-column-wrap{grid-template-columns:minmax(0, 1fr);}}@media all and (max-width: 767px){.kb-row-layout-id23364_00ffa6-b5 > .kt-row-column-wrap{padding-right:0px;grid-template-columns:minmax(0, 1fr);}}<\/style><div class=\"kb-row-layout-wrap kb-row-layout-id23364_00ffa6-b5 aligncenter wp-block-kadence-rowlayout\"><div class=\"kt-row-column-wrap kt-has-1-columns kt-row-layout-equal kt-tab-layout-inherit kt-mobile-layout-row kt-row-valign-top\">\n<style>.kadence-column23364_62f6f1-8d > .kt-inside-inner-col,.kadence-column23364_62f6f1-8d > .kt-inside-inner-col:before{border-top-left-radius:0px;border-top-right-radius:0px;border-bottom-right-radius:0px;border-bottom-left-radius:0px;}.kadence-column23364_62f6f1-8d > .kt-inside-inner-col:before{opacity:0.3;}.kadence-column23364_62f6f1-8d{position:relative;}@media all and (max-width: 767px){.kadence-column23364_62f6f1-8d{text-align:center;}}<\/style>\n<div class=\"wp-block-kadence-column kadence-column23364_62f6f1-8d inner-column-1\"><div class=\"kt-inside-inner-col\"><div class=\"wp-block-uagb-post-grid uagb-post-grid  uagb-post__image-position-top uagb-post__image-enabled uagb-block-ea6d35cb     uagb-post__items uagb-post__columns-3 is-grid uagb-post__columns-tablet-2 uagb-post__columns-mobile-1 uagb-post__equal-height\" data-total=\"13\" style=\"\">\n\n\t\t\t\t\t\t\t\t\t\t\t\t<article class=\"uagb-post__inner-wrap\">\t\t\t\t\t\t\t\t<div class='uagb-post__image'>\n\t\t\t\t\t\t\t\t\t<a href=\"https:\/\/www.geklab.com\/es\/crohn\/\" target=\"_self\" rel=\"bookmark noopener noreferrer\" class='uagb-image-ratio-inherit'><img loading=\"lazy\" decoding=\"async\" width=\"758\" height=\"500\" src=\"https:\/\/www.geklab.com\/wp-content\/uploads\/2025\/05\/Morbo-di-Crohn-l-alimentazione-puo-essere-d-aiuto_articleimage-4.jpg\" class=\"attachment-large size-large\" alt=\"\" srcset=\"https:\/\/www.geklab.com\/wp-content\/uploads\/2025\/05\/Morbo-di-Crohn-l-alimentazione-puo-essere-d-aiuto_articleimage-4.jpg 758w, https:\/\/www.geklab.com\/wp-content\/uploads\/2025\/05\/Morbo-di-Crohn-l-alimentazione-puo-essere-d-aiuto_articleimage-4-300x198.jpg 300w, https:\/\/www.geklab.com\/wp-content\/uploads\/2025\/05\/Morbo-di-Crohn-l-alimentazione-puo-essere-d-aiuto_articleimage-4-600x396.jpg 600w\" sizes=\"auto, (max-width: 758px) 100vw, 758px\" \/>\t\t\t\t\t<\/a>\n\t\t\t\t\t\t\t<\/div>\n\t\t\t\t\t\t<h5 class=\"uagb-post__title uagb-post__text\">\n\t\t\t\t<a href=\"https:\/\/www.geklab.com\/es\/crohn\/\" target=\"_self\" rel=\"bookmark noopener noreferrer\">Enfermedad de Crohn: cuando el intestino se inflama (y c\u00f3mo ayudarlo)<\/a>\n\t\t\t<\/h5>\n\t\t\t\t\t\t<div class='uagb-post__text uagb-post-grid-byline'>\n\t\t\t\t\t\t\t<\/div>\n\t\t\t\t\t\t\t<div class='uagb-post__text uagb-post__excerpt'>\n\t\t\t\t\tLa enfermedad de Crohn (tambi\u00e9n conocida por el nombre ya en desuso de Morbo de&#8230;\t\t\t\t<\/div>\n\t\t\t\t\t\t\t\t\t\t\t\t<\/article>\n\t\t\t\t\t\t\t\t\t\t\t\t\t\t\t\t<article class=\"uagb-post__inner-wrap\">\t\t\t\t\t\t\t\t<div class='uagb-post__image'>\n\t\t\t\t\t\t\t\t\t<a href=\"https:\/\/www.geklab.com\/es\/prueba-de-traje-de-bano\/\" target=\"_self\" rel=\"bookmark noopener noreferrer\" class='uagb-image-ratio-inherit'><img loading=\"lazy\" decoding=\"async\" width=\"753\" height=\"500\" src=\"https:\/\/www.geklab.com\/wp-content\/uploads\/2024\/06\/Prepararsi-alla-prova-costume_articleimage-4.jpg\" class=\"attachment-large size-large\" alt=\"\" srcset=\"https:\/\/www.geklab.com\/wp-content\/uploads\/2024\/06\/Prepararsi-alla-prova-costume_articleimage-4.jpg 753w, https:\/\/www.geklab.com\/wp-content\/uploads\/2024\/06\/Prepararsi-alla-prova-costume_articleimage-4-300x199.jpg 300w, https:\/\/www.geklab.com\/wp-content\/uploads\/2024\/06\/Prepararsi-alla-prova-costume_articleimage-4-600x398.jpg 600w\" sizes=\"auto, (max-width: 753px) 100vw, 753px\" \/>\t\t\t\t\t<\/a>\n\t\t\t\t\t\t\t<\/div>\n\t\t\t\t\t\t<h5 class=\"uagb-post__title uagb-post__text\">\n\t\t\t\t<a href=\"https:\/\/www.geklab.com\/es\/prueba-de-traje-de-bano\/\" target=\"_self\" rel=\"bookmark noopener noreferrer\">Prueba de traje de ba\u00f1o: estrategias para una p\u00e9rdida de peso saludable y eficaz<\/a>\n\t\t\t<\/h5>\n\t\t\t\t\t\t<div class='uagb-post__text uagb-post-grid-byline'>\n\t\t\t\t\t\t\t<\/div>\n\t\t\t\t\t\t\t<div class='uagb-post__text uagb-post__excerpt'>\n\t\t\t\t\tCon l&#8217;arrivo dell&#8217;estate, molte persone iniziano a pensare alla temuta &#8220;prova costume&#8221;. Questo periodo dell&#8217;anno&#8230;\t\t\t\t<\/div>\n\t\t\t\t\t\t\t\t\t\t\t\t<\/article>\n\t\t\t\t\t\t\t\t\t\t\t\t\t\t\t\t<article class=\"uagb-post__inner-wrap\">\t\t\t\t\t\t\t\t<div class='uagb-post__image'>\n\t\t\t\t\t\t\t\t\t<a href=\"https:\/\/www.geklab.com\/es\/depresion-alimentacion-y-metabolismo\/\" target=\"_self\" rel=\"bookmark noopener noreferrer\" class='uagb-image-ratio-inherit'><img loading=\"lazy\" decoding=\"async\" width=\"753\" height=\"500\" src=\"https:\/\/www.geklab.com\/wp-content\/uploads\/2025\/04\/Depressione-come-affrontarla-naturalmente_articleimage-5.jpg\" class=\"attachment-large size-large\" alt=\"\" srcset=\"https:\/\/www.geklab.com\/wp-content\/uploads\/2025\/04\/Depressione-come-affrontarla-naturalmente_articleimage-5.jpg 753w, https:\/\/www.geklab.com\/wp-content\/uploads\/2025\/04\/Depressione-come-affrontarla-naturalmente_articleimage-5-300x199.jpg 300w, https:\/\/www.geklab.com\/wp-content\/uploads\/2025\/04\/Depressione-come-affrontarla-naturalmente_articleimage-5-600x398.jpg 600w\" sizes=\"auto, (max-width: 753px) 100vw, 753px\" \/>\t\t\t\t\t<\/a>\n\t\t\t\t\t\t\t<\/div>\n\t\t\t\t\t\t<h5 class=\"uagb-post__title uagb-post__text\">\n\t\t\t\t<a href=\"https:\/\/www.geklab.com\/es\/depresion-alimentacion-y-metabolismo\/\" target=\"_self\" rel=\"bookmark noopener noreferrer\">Depresi\u00f3n, alimentaci\u00f3n y metabolismo: comprender sus v\u00ednculos y posibles soluciones.<\/a>\n\t\t\t<\/h5>\n\t\t\t\t\t\t<div class='uagb-post__text uagb-post-grid-byline'>\n\t\t\t\t\t\t\t<\/div>\n\t\t\t\t\t\t\t<div class='uagb-post__text uagb-post__excerpt'>\n\t\t\t\t\tLe stime indicano che pi\u00f9 di 3 milioni di italiani convivono con sintomi depressivi, e&#8230;\t\t\t\t<\/div>\n\t\t\t\t\t\t\t\t\t\t\t\t<\/article>\n\t\t\t\t\t\t\t\t\t\t\t<\/div><\/div><\/div>\n<\/div><\/div><\/div><\/div>\n<\/div><\/div>","protected":false},"excerpt":{"rendered":"<p>La urticaria es una de las afecciones dermatol\u00f3gicas m\u00e1s comunes y se manifiesta con picaz\u00f3n y manchas rojas, a menudo elevadas. La urticaria cr\u00f3nica indica muy probablemente una condici\u00f3n inflamatoria sist\u00e9mica, que a menudo es causada por una ingesta excesiva o repetida de ciertos alimentos.<\/p>\n","protected":false},"author":10,"featured_media":11157,"comment_status":"closed","ping_status":"closed","sticky":false,"template":"","format":"standard","meta":{"_uag_custom_page_level_css":"","footnotes":""},"categories":[307],"tags":[267,452,275,272,457,279],"class_list":["post-23364","post","type-post","status-publish","format-standard","has-post-thumbnail","hentry","category-enfermedades-sintomas","tag-baff-es","tag-dieta-personalizzata-es","tag-glicacion","tag-inflamacion","tag-orticaria-es","tag-perme-medical-program"],"blocksy_meta":{"styles_descriptor":{"styles":{"desktop":"","tablet":"","mobile":""},"google_fonts":[],"version":6}},"featured_image_urls":{"full":["https:\/\/www.geklab.com\/wp-content\/uploads\/2023\/10\/Orticaria-cronica-quando-serve-qualcosa-in-piu_articleimage.jpg",750,500,false],"thumbnail":["https:\/\/www.geklab.com\/wp-content\/uploads\/2023\/10\/Orticaria-cronica-quando-serve-qualcosa-in-piu_articleimage-150x150.jpg",150,150,true],"medium":["https:\/\/www.geklab.com\/wp-content\/uploads\/2023\/10\/Orticaria-cronica-quando-serve-qualcosa-in-piu_articleimage-300x200.jpg",300,200,true],"medium_large":["https:\/\/www.geklab.com\/wp-content\/uploads\/2023\/10\/Orticaria-cronica-quando-serve-qualcosa-in-piu_articleimage.jpg",750,500,false],"large":["https:\/\/www.geklab.com\/wp-content\/uploads\/2023\/10\/Orticaria-cronica-quando-serve-qualcosa-in-piu_articleimage.jpg",750,500,false],"1536x1536":["https:\/\/www.geklab.com\/wp-content\/uploads\/2023\/10\/Orticaria-cronica-quando-serve-qualcosa-in-piu_articleimage.jpg",750,500,false],"2048x2048":["https:\/\/www.geklab.com\/wp-content\/uploads\/2023\/10\/Orticaria-cronica-quando-serve-qualcosa-in-piu_articleimage.jpg",750,500,false],"xs-thumb":["https:\/\/www.geklab.com\/wp-content\/uploads\/2023\/10\/Orticaria-cronica-quando-serve-qualcosa-in-piu_articleimage.jpg",64,43,false],"woocommerce_archive_thumbnail":["https:\/\/www.geklab.com\/wp-content\/uploads\/2023\/10\/Orticaria-cronica-quando-serve-qualcosa-in-piu_articleimage-300x400.jpg",300,400,true],"woocommerce_thumbnail":["https:\/\/www.geklab.com\/wp-content\/uploads\/2023\/10\/Orticaria-cronica-quando-serve-qualcosa-in-piu_articleimage-300x400.jpg",300,400,true],"woocommerce_single":["https:\/\/www.geklab.com\/wp-content\/uploads\/2023\/10\/Orticaria-cronica-quando-serve-qualcosa-in-piu_articleimage-600x400.jpg",600,400,true],"woocommerce_gallery_thumbnail":["https:\/\/www.geklab.com\/wp-content\/uploads\/2023\/10\/Orticaria-cronica-quando-serve-qualcosa-in-piu_articleimage-100x100.jpg",50,50,true]},"post_excerpt_stackable":"<p>La urticaria es una de las afecciones dermatol\u00f3gicas m\u00e1s comunes y se manifiesta con picaz\u00f3n y manchas rojas, a menudo elevadas. La urticaria cr\u00f3nica indica muy probablemente una condici\u00f3n inflamatoria sist\u00e9mica, que a menudo es causada por una ingesta excesiva o repetida de ciertos alimentos.<\/p>\n","category_list":"<a href=\"https:\/\/www.geklab.com\/es\/categoria\/enfermedades-sintomas\/\" rel=\"category tag\">Enfermedades y Sintomas<\/a>","author_info":{"name":"Eugenio Spagnolini","url":"https:\/\/www.geklab.com\/es\/author\/eugenio\/"},"comments_num":"0 comments","yoast_head":"<!-- This site is optimized with the Yoast SEO plugin v21.7 - https:\/\/yoast.com\/wordpress\/plugins\/seo\/ -->\n<title>Urticaria y Urticaria Cr\u00f3nica: causas y perspectivas de tratamiento.<\/title>\n<meta name=\"description\" content=\"L&#039;orticaria cronica indica molto probabilmente una condizione infiammatoria sistemica, che spesso \u00e8 causata da un\u2019assunzione eccessiva o ripetuta di certi alimenti.\" \/>\n<meta name=\"robots\" content=\"index, follow, max-snippet:-1, max-image-preview:large, max-video-preview:-1\" \/>\n<link rel=\"canonical\" href=\"https:\/\/www.geklab.com\/es\/orticaria-cronica-cause-cure\/\" \/>\n<meta property=\"og:locale\" content=\"es_ES\" \/>\n<meta property=\"og:type\" content=\"article\" \/>\n<meta property=\"og:title\" content=\"Urticaria y Urticaria Cr\u00f3nica: causas y perspectivas de tratamiento.\" \/>\n<meta property=\"og:description\" content=\"L&#039;infiammazione legata all&#039;alimentazione \u00e8 una delle principali cause dell&#039;artrite e lo studio dei livelli infiammatori da alimenti o da zuccheri \u00e8 la prima arma terapeutica da utilizzare.\" \/>\n<meta property=\"og:url\" content=\"https:\/\/www.geklab.com\/es\/orticaria-cronica-cause-cure\/\" \/>\n<meta property=\"og:site_name\" content=\"GEK Lab\" \/>\n<meta property=\"article:publisher\" content=\"https:\/\/www.facebook.com\/geklab.official\" \/>\n<meta property=\"article:published_time\" content=\"2023-10-25T14:57:54+00:00\" \/>\n<meta property=\"article:modified_time\" content=\"2025-07-22T13:36:15+00:00\" \/>\n<meta property=\"og:image\" content=\"https:\/\/www.geklab.com\/wp-content\/uploads\/2023\/10\/Orticaria-cronica-quando-serve-qualcosa-in-piu_articleimage.jpg\" \/>\n\t<meta property=\"og:image:width\" content=\"750\" \/>\n\t<meta property=\"og:image:height\" content=\"500\" \/>\n\t<meta property=\"og:image:type\" content=\"image\/jpeg\" \/>\n<meta name=\"author\" content=\"Eugenio Spagnolini\" \/>\n<meta name=\"twitter:card\" content=\"summary_large_image\" \/>\n<meta name=\"twitter:label1\" content=\"Written by\" \/>\n\t<meta name=\"twitter:data1\" content=\"Eugenio Spagnolini\" \/>\n\t<meta name=\"twitter:label2\" content=\"Est. reading time\" \/>\n\t<meta name=\"twitter:data2\" content=\"7 minutes\" \/>\n<script type=\"application\/ld+json\" class=\"yoast-schema-graph\">{\"@context\":\"https:\/\/schema.org\",\"@graph\":[{\"@type\":\"Article\",\"@id\":\"https:\/\/www.geklab.com\/es\/orticaria-cronica-cause-cure\/#article\",\"isPartOf\":{\"@id\":\"https:\/\/www.geklab.com\/es\/orticaria-cronica-cause-cure\/\"},\"author\":{\"name\":\"Eugenio Spagnolini\",\"@id\":\"https:\/\/www.geklab.com\/#\/schema\/person\/e1adf7ed5f87cbfa6f7e001256e1dc5d\"},\"headline\":\"Urticaria y Urticaria Cr\u00f3nica: causas y perspectivas de tratamiento.\",\"datePublished\":\"2023-10-25T14:57:54+00:00\",\"dateModified\":\"2025-07-22T13:36:15+00:00\",\"mainEntityOfPage\":{\"@id\":\"https:\/\/www.geklab.com\/es\/orticaria-cronica-cause-cure\/\"},\"wordCount\":1150,\"publisher\":{\"@id\":\"https:\/\/www.geklab.com\/#organization\"},\"keywords\":[\"BAFF\",\"Dieta personalizzata\",\"Glicaci\u00f3n\",\"Inflamaci\u00f3n\",\"Orticaria\",\"PerM\u00e8 Medical Program\"],\"articleSection\":[\"Enfermedades y Sintomas\"],\"inLanguage\":\"es-ES\"},{\"@type\":\"WebPage\",\"@id\":\"https:\/\/www.geklab.com\/es\/orticaria-cronica-cause-cure\/\",\"url\":\"https:\/\/www.geklab.com\/es\/orticaria-cronica-cause-cure\/\",\"name\":\"Urticaria y Urticaria Cr\u00f3nica: causas y perspectivas de tratamiento.\",\"isPartOf\":{\"@id\":\"https:\/\/www.geklab.com\/#website\"},\"datePublished\":\"2023-10-25T14:57:54+00:00\",\"dateModified\":\"2025-07-22T13:36:15+00:00\",\"description\":\"L'orticaria cronica indica molto probabilmente una condizione infiammatoria sistemica, che spesso \u00e8 causata da un\u2019assunzione eccessiva o ripetuta di certi alimenti.\",\"breadcrumb\":{\"@id\":\"https:\/\/www.geklab.com\/es\/orticaria-cronica-cause-cure\/#breadcrumb\"},\"inLanguage\":\"es-ES\",\"potentialAction\":[{\"@type\":\"ReadAction\",\"target\":[\"https:\/\/www.geklab.com\/es\/orticaria-cronica-cause-cure\/\"]}]},{\"@type\":\"BreadcrumbList\",\"@id\":\"https:\/\/www.geklab.com\/es\/orticaria-cronica-cause-cure\/#breadcrumb\",\"itemListElement\":[{\"@type\":\"ListItem\",\"position\":1,\"name\":\"Home\",\"item\":\"https:\/\/www.geklab.com\/es\/\"},{\"@type\":\"ListItem\",\"position\":2,\"name\":\"Urticaria y Urticaria Cr\u00f3nica: causas y perspectivas de tratamiento.\"}]},{\"@type\":\"WebSite\",\"@id\":\"https:\/\/www.geklab.com\/#website\",\"url\":\"https:\/\/www.geklab.com\/\",\"name\":\"GEK Lab\",\"description\":\"Science of Nutrition\",\"publisher\":{\"@id\":\"https:\/\/www.geklab.com\/#organization\"},\"potentialAction\":[{\"@type\":\"SearchAction\",\"target\":{\"@type\":\"EntryPoint\",\"urlTemplate\":\"https:\/\/www.geklab.com\/?s={search_term_string}\"},\"query-input\":\"required name=search_term_string\"}],\"inLanguage\":\"es-ES\"},{\"@type\":\"Organization\",\"@id\":\"https:\/\/www.geklab.com\/#organization\",\"name\":\"GEK Lab\",\"url\":\"https:\/\/www.geklab.com\/\",\"logo\":{\"@type\":\"ImageObject\",\"inLanguage\":\"es-ES\",\"@id\":\"https:\/\/www.geklab.com\/#\/schema\/logo\/image\/\",\"url\":\"https:\/\/www.geklab.com\/wp-content\/uploads\/2025\/03\/gek-vertical.jpg\",\"contentUrl\":\"https:\/\/www.geklab.com\/wp-content\/uploads\/2025\/03\/gek-vertical.jpg\",\"width\":696,\"height\":696,\"caption\":\"GEK Lab\"},\"image\":{\"@id\":\"https:\/\/www.geklab.com\/#\/schema\/logo\/image\/\"},\"sameAs\":[\"https:\/\/www.facebook.com\/geklab.official\",\"https:\/\/www.instagram.com\/geklab.official\/\",\"https:\/\/www.linkedin.com\/company\/gek-srl\/\"]},{\"@type\":\"Person\",\"@id\":\"https:\/\/www.geklab.com\/#\/schema\/person\/e1adf7ed5f87cbfa6f7e001256e1dc5d\",\"name\":\"Eugenio Spagnolini\",\"image\":{\"@type\":\"ImageObject\",\"inLanguage\":\"es-ES\",\"@id\":\"https:\/\/www.geklab.com\/#\/schema\/person\/image\/\",\"url\":\"https:\/\/secure.gravatar.com\/avatar\/a0886b694b523d957024c318a9efca54?s=96&d=mm&r=g\",\"contentUrl\":\"https:\/\/secure.gravatar.com\/avatar\/a0886b694b523d957024c318a9efca54?s=96&d=mm&r=g\",\"caption\":\"Eugenio Spagnolini\"}}]}<\/script>\n<!-- \/ Yoast SEO plugin. -->","yoast_head_json":{"title":"Urticaria y Urticaria Cr\u00f3nica: causas y perspectivas de tratamiento.","description":"L'orticaria cronica indica molto probabilmente una condizione infiammatoria sistemica, che spesso \u00e8 causata da un\u2019assunzione eccessiva o ripetuta di certi alimenti.","robots":{"index":"index","follow":"follow","max-snippet":"max-snippet:-1","max-image-preview":"max-image-preview:large","max-video-preview":"max-video-preview:-1"},"canonical":"https:\/\/www.geklab.com\/es\/orticaria-cronica-cause-cure\/","og_locale":"es_ES","og_type":"article","og_title":"Urticaria y Urticaria Cr\u00f3nica: causas y perspectivas de tratamiento.","og_description":"L'infiammazione legata all'alimentazione \u00e8 una delle principali cause dell'artrite e lo studio dei livelli infiammatori da alimenti o da zuccheri \u00e8 la prima arma terapeutica da utilizzare.","og_url":"https:\/\/www.geklab.com\/es\/orticaria-cronica-cause-cure\/","og_site_name":"GEK Lab","article_publisher":"https:\/\/www.facebook.com\/geklab.official","article_published_time":"2023-10-25T14:57:54+00:00","article_modified_time":"2025-07-22T13:36:15+00:00","og_image":[{"width":750,"height":500,"url":"https:\/\/www.geklab.com\/wp-content\/uploads\/2023\/10\/Orticaria-cronica-quando-serve-qualcosa-in-piu_articleimage.jpg","type":"image\/jpeg"}],"author":"Eugenio Spagnolini","twitter_card":"summary_large_image","twitter_misc":{"Written by":"Eugenio Spagnolini","Est. reading time":"7 minutes"},"schema":{"@context":"https:\/\/schema.org","@graph":[{"@type":"Article","@id":"https:\/\/www.geklab.com\/es\/orticaria-cronica-cause-cure\/#article","isPartOf":{"@id":"https:\/\/www.geklab.com\/es\/orticaria-cronica-cause-cure\/"},"author":{"name":"Eugenio Spagnolini","@id":"https:\/\/www.geklab.com\/#\/schema\/person\/e1adf7ed5f87cbfa6f7e001256e1dc5d"},"headline":"Urticaria y Urticaria Cr\u00f3nica: causas y perspectivas de tratamiento.","datePublished":"2023-10-25T14:57:54+00:00","dateModified":"2025-07-22T13:36:15+00:00","mainEntityOfPage":{"@id":"https:\/\/www.geklab.com\/es\/orticaria-cronica-cause-cure\/"},"wordCount":1150,"publisher":{"@id":"https:\/\/www.geklab.com\/#organization"},"keywords":["BAFF","Dieta personalizzata","Glicaci\u00f3n","Inflamaci\u00f3n","Orticaria","PerM\u00e8 Medical Program"],"articleSection":["Enfermedades y Sintomas"],"inLanguage":"es-ES"},{"@type":"WebPage","@id":"https:\/\/www.geklab.com\/es\/orticaria-cronica-cause-cure\/","url":"https:\/\/www.geklab.com\/es\/orticaria-cronica-cause-cure\/","name":"Urticaria y Urticaria Cr\u00f3nica: causas y perspectivas de tratamiento.","isPartOf":{"@id":"https:\/\/www.geklab.com\/#website"},"datePublished":"2023-10-25T14:57:54+00:00","dateModified":"2025-07-22T13:36:15+00:00","description":"L'orticaria cronica indica molto probabilmente una condizione infiammatoria sistemica, che spesso \u00e8 causata da un\u2019assunzione eccessiva o ripetuta di certi alimenti.","breadcrumb":{"@id":"https:\/\/www.geklab.com\/es\/orticaria-cronica-cause-cure\/#breadcrumb"},"inLanguage":"es-ES","potentialAction":[{"@type":"ReadAction","target":["https:\/\/www.geklab.com\/es\/orticaria-cronica-cause-cure\/"]}]},{"@type":"BreadcrumbList","@id":"https:\/\/www.geklab.com\/es\/orticaria-cronica-cause-cure\/#breadcrumb","itemListElement":[{"@type":"ListItem","position":1,"name":"Home","item":"https:\/\/www.geklab.com\/es\/"},{"@type":"ListItem","position":2,"name":"Urticaria y Urticaria Cr\u00f3nica: causas y perspectivas de tratamiento."}]},{"@type":"WebSite","@id":"https:\/\/www.geklab.com\/#website","url":"https:\/\/www.geklab.com\/","name":"GEK Lab","description":"Science of Nutrition","publisher":{"@id":"https:\/\/www.geklab.com\/#organization"},"potentialAction":[{"@type":"SearchAction","target":{"@type":"EntryPoint","urlTemplate":"https:\/\/www.geklab.com\/?s={search_term_string}"},"query-input":"required name=search_term_string"}],"inLanguage":"es-ES"},{"@type":"Organization","@id":"https:\/\/www.geklab.com\/#organization","name":"GEK Lab","url":"https:\/\/www.geklab.com\/","logo":{"@type":"ImageObject","inLanguage":"es-ES","@id":"https:\/\/www.geklab.com\/#\/schema\/logo\/image\/","url":"https:\/\/www.geklab.com\/wp-content\/uploads\/2025\/03\/gek-vertical.jpg","contentUrl":"https:\/\/www.geklab.com\/wp-content\/uploads\/2025\/03\/gek-vertical.jpg","width":696,"height":696,"caption":"GEK Lab"},"image":{"@id":"https:\/\/www.geklab.com\/#\/schema\/logo\/image\/"},"sameAs":["https:\/\/www.facebook.com\/geklab.official","https:\/\/www.instagram.com\/geklab.official\/","https:\/\/www.linkedin.com\/company\/gek-srl\/"]},{"@type":"Person","@id":"https:\/\/www.geklab.com\/#\/schema\/person\/e1adf7ed5f87cbfa6f7e001256e1dc5d","name":"Eugenio Spagnolini","image":{"@type":"ImageObject","inLanguage":"es-ES","@id":"https:\/\/www.geklab.com\/#\/schema\/person\/image\/","url":"https:\/\/secure.gravatar.com\/avatar\/a0886b694b523d957024c318a9efca54?s=96&d=mm&r=g","contentUrl":"https:\/\/secure.gravatar.com\/avatar\/a0886b694b523d957024c318a9efca54?s=96&d=mm&r=g","caption":"Eugenio Spagnolini"}}]}},"uagb_featured_image_src":{"full":["https:\/\/www.geklab.com\/wp-content\/uploads\/2023\/10\/Orticaria-cronica-quando-serve-qualcosa-in-piu_articleimage.jpg",750,500,false],"thumbnail":["https:\/\/www.geklab.com\/wp-content\/uploads\/2023\/10\/Orticaria-cronica-quando-serve-qualcosa-in-piu_articleimage-150x150.jpg",150,150,true],"medium":["https:\/\/www.geklab.com\/wp-content\/uploads\/2023\/10\/Orticaria-cronica-quando-serve-qualcosa-in-piu_articleimage-300x200.jpg",300,200,true],"medium_large":["https:\/\/www.geklab.com\/wp-content\/uploads\/2023\/10\/Orticaria-cronica-quando-serve-qualcosa-in-piu_articleimage.jpg",750,500,false],"large":["https:\/\/www.geklab.com\/wp-content\/uploads\/2023\/10\/Orticaria-cronica-quando-serve-qualcosa-in-piu_articleimage.jpg",750,500,false],"1536x1536":["https:\/\/www.geklab.com\/wp-content\/uploads\/2023\/10\/Orticaria-cronica-quando-serve-qualcosa-in-piu_articleimage.jpg",750,500,false],"2048x2048":["https:\/\/www.geklab.com\/wp-content\/uploads\/2023\/10\/Orticaria-cronica-quando-serve-qualcosa-in-piu_articleimage.jpg",750,500,false],"xs-thumb":["https:\/\/www.geklab.com\/wp-content\/uploads\/2023\/10\/Orticaria-cronica-quando-serve-qualcosa-in-piu_articleimage.jpg",64,43,false],"woocommerce_archive_thumbnail":["https:\/\/www.geklab.com\/wp-content\/uploads\/2023\/10\/Orticaria-cronica-quando-serve-qualcosa-in-piu_articleimage-300x400.jpg",300,400,true],"woocommerce_thumbnail":["https:\/\/www.geklab.com\/wp-content\/uploads\/2023\/10\/Orticaria-cronica-quando-serve-qualcosa-in-piu_articleimage-300x400.jpg",300,400,true],"woocommerce_single":["https:\/\/www.geklab.com\/wp-content\/uploads\/2023\/10\/Orticaria-cronica-quando-serve-qualcosa-in-piu_articleimage-600x400.jpg",600,400,true],"woocommerce_gallery_thumbnail":["https:\/\/www.geklab.com\/wp-content\/uploads\/2023\/10\/Orticaria-cronica-quando-serve-qualcosa-in-piu_articleimage-100x100.jpg",50,50,true]},"uagb_author_info":{"display_name":"Eugenio Spagnolini","author_link":"https:\/\/www.geklab.com\/es\/author\/eugenio\/"},"uagb_comment_info":0,"uagb_excerpt":"La urticaria es una de las afecciones dermatol\u00f3gicas m\u00e1s comunes y se manifiesta con picaz\u00f3n y manchas rojas, a menudo elevadas. La urticaria cr\u00f3nica indica muy probablemente una condici\u00f3n inflamatoria sist\u00e9mica, que a menudo es causada por una ingesta excesiva o repetida de ciertos alimentos.","_links":{"self":[{"href":"https:\/\/www.geklab.com\/es\/wp-json\/wp\/v2\/posts\/23364","targetHints":{"allow":["GET"]}}],"collection":[{"href":"https:\/\/www.geklab.com\/es\/wp-json\/wp\/v2\/posts"}],"about":[{"href":"https:\/\/www.geklab.com\/es\/wp-json\/wp\/v2\/types\/post"}],"author":[{"embeddable":true,"href":"https:\/\/www.geklab.com\/es\/wp-json\/wp\/v2\/users\/10"}],"replies":[{"embeddable":true,"href":"https:\/\/www.geklab.com\/es\/wp-json\/wp\/v2\/comments?post=23364"}],"version-history":[{"count":13,"href":"https:\/\/www.geklab.com\/es\/wp-json\/wp\/v2\/posts\/23364\/revisions"}],"predecessor-version":[{"id":23387,"href":"https:\/\/www.geklab.com\/es\/wp-json\/wp\/v2\/posts\/23364\/revisions\/23387"}],"wp:featuredmedia":[{"embeddable":true,"href":"https:\/\/www.geklab.com\/es\/wp-json\/wp\/v2\/media\/11157"}],"wp:attachment":[{"href":"https:\/\/www.geklab.com\/es\/wp-json\/wp\/v2\/media?parent=23364"}],"wp:term":[{"taxonomy":"category","embeddable":true,"href":"https:\/\/www.geklab.com\/es\/wp-json\/wp\/v2\/categories?post=23364"},{"taxonomy":"post_tag","embeddable":true,"href":"https:\/\/www.geklab.com\/es\/wp-json\/wp\/v2\/tags?post=23364"}],"curies":[{"name":"wp","href":"https:\/\/api.w.org\/{rel}","templated":true}]}}