{"id":22061,"date":"2025-04-08T13:18:22","date_gmt":"2025-04-08T12:18:22","guid":{"rendered":"https:\/\/www.geklab.com\/depressione-alimentazione-e-metabolismo\/"},"modified":"2026-04-21T09:24:17","modified_gmt":"2026-04-21T08:24:17","slug":"depresion-alimentacion-y-metabolismo","status":"publish","type":"post","link":"https:\/\/www.geklab.com\/es\/depresion-alimentacion-y-metabolismo\/","title":{"rendered":"Depresi\u00f3n, alimentaci\u00f3n y metabolismo: comprender sus v\u00ednculos y posibles soluciones."},"content":{"rendered":"<div class=\"wp-block-stackable-icon-list stk-block-icon-list stk-block stk-5849285\" data-block-id=\"5849285\"><style>.stk-5849285{column-count:2 !important}.stk-5849285 ul li{list-style-image:url('data:image\/svg+xml;base64,PHN2ZyB4bWxucz0iaHR0cDovL3d3dy53My5vcmcvMjAwMC9zdmciIHZpZXdCb3g9IjAgMCAxOTAgMTkwIiBzdHlsZT0iZmlsbDogIzAwMCAhaW1wb3J0YW50OyBjb2xvcjogIzAwMCAhaW1wb3J0YW50O3RyYW5zZm9ybTogcm90YXRlKGRlZykgIWltcG9ydGFudDsiPjxwb2x5Z29uIHBvaW50cz0iMTczLjgsMjguNCA2MC40LDE0MS44IDE1LjcsOTcuMiA1LjEsMTA3LjggNjAuNCwxNjMgMTg0LjQsMzkgMTczLjgsMjguNCIgZmlsbD0iIzAwMCIgc3Ryb2tlPSIjMDAwIiBzdHlsZT0iZmlsbDogcmdiKDAsIDAsIDApOyBzdHJva2U6IHJnYigwLCAwLCAwKTsiLz48L3N2Zz4=') !important}<\/style><ol><li><a href=\"#depresion\">Depresi\u00f3n y metabolismo: una conexi\u00f3n subestimada<\/a><\/li><li><a href=\"#azucar\">Az\u00facares y triglic\u00e9ridos elevados: c\u00f3mo la alimentaci\u00f3n influye en el estado de \u00e1nimo<\/a><\/li><li><a href=\"#alimentacion\">Alimentaci\u00f3n: una herramienta poderosa contra la depresi\u00f3n<\/a><\/li><li><a href=\"#perm\u00e9\">Conocer los propios niveles de glicaci\u00f3n e inflamaci\u00f3n<\/a><\/li><li><a href=\"#conclusioni\">Prevenci\u00f3n y tratamiento: el papel del estilo de vida<\/a><\/li><li><a href=\"#conclusiones\">Conclusiones<\/a><\/li><\/ol><\/div><figure class=\"wp-block-image alignleft size-full is-resized\"><img loading=\"lazy\" decoding=\"async\" width=\"753\" height=\"500\" src=\"https:\/\/www.geklab.com\/wp-content\/uploads\/2025\/04\/Depressione-come-affrontarla-naturalmente_articleimage-5.jpg\" alt=\"\" class=\"wp-image-21095\" style=\"width:561px;height:auto\" srcset=\"https:\/\/www.geklab.com\/wp-content\/uploads\/2025\/04\/Depressione-come-affrontarla-naturalmente_articleimage-5.jpg 753w, https:\/\/www.geklab.com\/wp-content\/uploads\/2025\/04\/Depressione-come-affrontarla-naturalmente_articleimage-5-300x199.jpg 300w, https:\/\/www.geklab.com\/wp-content\/uploads\/2025\/04\/Depressione-come-affrontarla-naturalmente_articleimage-5-600x398.jpg 600w\" sizes=\"auto, (max-width: 753px) 100vw, 753px\" \/><\/figure><p>La depresi\u00f3n es uno de los trastornos ps\u00edquicos m\u00e1s comunes en Italia, con aproximadamente el 5-10% de la poblaci\u00f3n que la padece a nivel cl\u00ednico. Las estimaciones indican<strong> que m\u00e1s de 3 millones de italianos conviven con s\u00edntomas depresivos<\/strong>, y se calcula que alrededor del 20% de la poblaci\u00f3n, a lo largo de su vida, experimentar\u00e1 al menos un episodio depresivo. Estas cifras siguen en aumento, impulsadas por factores relacionados con el estr\u00e9s, la gen\u00e9tica y, sobre todo, con los cambios en nuestros estilos de vida y h\u00e1bitos alimenticios.<\/p><p>La depresi\u00f3n, sin embargo, no es solo una condici\u00f3n psicol\u00f3gica: tambi\u00e9n est\u00e1 estrechamente relacionada con el cuerpo, en particular con <strong>el metabolismo y la alimentaci\u00f3n<\/strong>, que desempe\u00f1an un papel crucial en su aparici\u00f3n y manejo.<\/p><p id=\"depressione\">En este art\u00edculo, exploraremos c\u00f3mo interact\u00faan estos factores y c\u00f3mo podemos abordarlos de manera integrada para mejorar nuestro bienestar psicol\u00f3gico.<\/p><p><\/p><div class=\"wp-block-stackable-heading stk-block-heading stk-block-heading--v2 stk-block stk-e4812e0\" id=\"depresion-y-metabolismo-una-conexion-subestimada\" data-block-id=\"e4812e0\"><h2 class=\"stk-block-heading__text\">Depresi\u00f3n y metabolismo: una conexi\u00f3n subestimada<\/h2><\/div><p>El metabolismo es el proceso mediante el cual el cuerpo convierte los nutrientes en energ\u00eda. Cuando el metabolismo se altera, pueden producirse desequilibrios que afectan negativamente nuestro estado mental. Trastornos metab\u00f3licos, como la <a href=\"https:\/\/www.geklab.com\/es\/resistencia-insulina-sintomas-remedios\/\">resistencia a la insulina<\/a>, han sido estrechamente relacionados con la aparici\u00f3n de la depresi\u00f3n.<br><\/p><p><\/p><blockquote class=\"wp-block-stackable-blockquote stk-block-blockquote stk-block stk-3b473f6 is-style-default\" data-v=\"2\" data-block-id=\"3b473f6\"><div class=\"has-text-align-left stk-block-blockquote__content stk-container stk-3b473f6-container stk-hover-parent\"><div class=\"stk-block-content stk-inner-blocks\"><div class=\"wp-block-stackable-icon stk-block-icon stk-block stk-2d67d2a\" data-block-id=\"2d67d2a\"><style>.stk-2d67d2a .stk--svg-wrapper .stk--inner-svg svg:last-child{height:88px !important;width:88px !important}<\/style><span class=\"stk--svg-wrapper\"><div class=\"stk--inner-svg\"><svg style=\"height:0;width:0\"><defs><linearGradient id=\"linear-gradient-2d67d2a\" x1=\"0\" x2=\"100%\" y1=\"0\" y2=\"0\"><stop offset=\"0%\" style=\"stop-opacity:1;stop-color:var(--linear-gradient-2-d-67-d-2-a-color-1)\"><\/stop><stop offset=\"100%\" style=\"stop-opacity:1;stop-color:var(--linear-gradient-2-d-67-d-2-a-color-2)\"><\/stop><\/linearGradient><\/defs><\/svg><svg xmlns=\"http:\/\/www.w3.org\/2000\/svg\" viewBox=\"0 0 50 50\" aria-hidden=\"true\" width=\"32\" height=\"32\"><path d=\"M22.3 30.5c0 6-4.8 10.8-10.8 10.8-2.3 0-4.5-.8-6.3-2-.9-.6-1.8-1.4-2.5-2.4-1.8-2.4-2.7-5.4-2.7-9 0-4.5 1.3-8.5 4-11.9 2.7-3.4 6.4-5.8 11.1-7.3v2.8c-2.7 2.2-4.4 5-4.9 8.3.4-.1.9-.1 1.3-.1 6-.1 10.8 4.8 10.8 10.8zm16.9-10.9c-.5 0-.9 0-1.3.1.5-3.3 2.2-6.1 4.9-8.3V8.7c-4.7 1.4-8.4 3.9-11.1 7.3-2.7 3.4-4 7.4-4 11.9 0 3.6.9 6.6 2.7 9 .8 1 1.6 1.8 2.5 2.4 1.8 1.3 3.9 2 6.3 2 6 0 10.8-4.8 10.8-10.8 0-6-4.8-10.9-10.8-10.9z\"><\/path><\/svg><\/div><\/span><\/div>\n\n<div class=\"wp-block-stackable-text stk-block-text stk-block stk-a5480cd\" data-block-id=\"a5480cd\"><style>.stk-a5480cd .stk-block-text__text{font-size:24px !important}@media screen and (max-width:1023px){.stk-a5480cd .stk-block-text__text{font-size:24px !important}}<\/style><p class=\"stk-block-text__text\"><strong><span style=\"color: var(--theme-palette-color-1, #088fa8)\" class=\"stk-highlight\">La depresi\u00f3n no es solo una condici\u00f3n psicol\u00f3gica: tambi\u00e9n est\u00e1 estrechamente vinculada al cuerpo, en particular al metabolismo y la alimentaci\u00f3n, que desempe\u00f1an un papel crucial en su aparici\u00f3n y manejo.<\/span><\/strong><\/p><\/div><\/div><\/div><\/blockquote><blockquote class=\"wp-block-stackable-blockquote stk-block-blockquote stk-block stk-09d3b8f is-style-simple\" data-v=\"2\" data-block-id=\"09d3b8f\"><div class=\"has-text-align-left stk-block-blockquote__content stk-container stk-09d3b8f-container stk--no-background stk--no-padding\"><div class=\"stk-block-content stk-inner-blocks\"><div class=\"wp-block-stackable-icon stk-block-icon stk-block stk-65a8b24\" data-block-id=\"65a8b24\"><span class=\"stk--svg-wrapper\"><div class=\"stk--inner-svg\"><svg style=\"height:0;width:0\"><defs><linearGradient id=\"linear-gradient-65a8b24\" x1=\"0\" x2=\"100%\" y1=\"0\" y2=\"0\"><stop offset=\"0%\" style=\"stop-opacity:1;stop-color:var(--linear-gradient-65-a-8-b-24-color-1)\"><\/stop><stop offset=\"100%\" style=\"stop-opacity:1;stop-color:var(--linear-gradient-65-a-8-b-24-color-2)\"><\/stop><\/linearGradient><\/defs><\/svg><svg xmlns=\"http:\/\/www.w3.org\/2000\/svg\" viewBox=\"0 0 50 50\" aria-hidden=\"true\" width=\"32\" height=\"32\"><path d=\"M19.8 9.3C10.5 11.8 4.6 17 2.1 24.8c2.3-3.6 5.6-5.4 9.9-5.4 3.3 0 6 1.1 8.3 3.3 2.2 2.2 3.4 5 3.4 8.3 0 3.2-1.1 5.8-3.3 8-2.2 2.2-5.1 3.2-8.7 3.2-3.7 0-6.5-1.2-8.6-3.5C1 36.3 0 33.1 0 29 0 18.3 6.5 11.2 19.6 7.9l.2 1.4zm26.4 0C36.9 11.9 31 17 28.5 24.8c2.2-3.6 5.5-5.4 9.8-5.4 3.2 0 6 1.1 8.3 3.2 2.3 2.2 3.4 4.9 3.4 8.3 0 3.1-1.1 5.8-3.3 7.9-2.2 2.2-5.1 3.3-8.6 3.3-3.7 0-6.6-1.1-8.6-3.4-2.1-2.3-3.1-5.5-3.1-9.7 0-10.7 6.6-17.8 19.7-21.1l.1 1.4z\"><\/path><\/svg><\/div><\/span><\/div>\n\n<div class=\"wp-block-stackable-text stk-block-text stk-block stk-38c93c1\" data-block-id=\"38c93c1\"><p class=\"stk-block-text__text\">Description for this block. Use this space for describing your block. Any text will do. Description for this block. You can use this space for describing your block.<\/p><\/div><\/div><\/div><\/blockquote><style>.kadence-column22061_68a754-5a > .kt-inside-inner-col,.kadence-column22061_68a754-5a > .kt-inside-inner-col:before{border-top-left-radius:30px;border-top-right-radius:30px;border-bottom-right-radius:30px;border-bottom-left-radius:30px;}.kadence-column22061_68a754-5a > .kt-inside-inner-col{background-color:#ebebeb;}.kadence-column22061_68a754-5a > .kt-inside-inner-col:before{opacity:0.3;}.kadence-column22061_68a754-5a{position:relative;}<\/style>\n<div class=\"wp-block-kadence-column kadence-column22061_68a754-5a kadence-column_33b0ff-ad\"><div class=\"kt-inside-inner-col\"><style>.kb-row-layout-wrap.wp-block-kadence-rowlayout.kb-row-layout-id22061_5cb8a0-2c{margin-top:0px;margin-bottom:0px;}.kb-row-layout-id22061_5cb8a0-2c > .kt-row-column-wrap{align-content:center;}:where(.kb-row-layout-id22061_5cb8a0-2c > .kt-row-column-wrap) > .wp-block-kadence-column{justify-content:center;}.kb-row-layout-id22061_5cb8a0-2c > .kt-row-column-wrap{column-gap:var(--global-kb-gap-md, 2rem);row-gap:var(--global-kb-gap-md, 2rem);padding-top:0px;padding-bottom:10px;padding-left:250px;grid-template-columns:minmax(0, 80%) minmax(0, 20%);}.kb-row-layout-id22061_5cb8a0-2c{background-image:url('https:\/\/www.geklab.com\/wp-content\/uploads\/2022\/06\/slider4-copia-1.png');background-size:contain;background-position:3% 100%;background-attachment:scroll;background-repeat:no-repeat;}.kb-row-layout-id22061_5cb8a0-2c > .kt-row-layout-overlay{opacity:0.30;}.kb-row-layout-id22061_5cb8a0-2c .kt-row-layout-bottom-sep{height:100px;}.kb-row-layout-id22061_5cb8a0-2c .kt-row-layout-bottom-sep svg{width:100%;}.kb-row-layout-id22061_5cb8a0-2c .kt-row-layout-bottom-sep svg{fill:#ffffff!important;}@media all and (min-width: 1025px){.kb-row-layout-id22061_5cb8a0-2c{display:none !important;}}@media all and (max-width: 1024px){.kb-row-layout-id22061_5cb8a0-2c > .kt-row-column-wrap{padding-right:0px;padding-left:45px;grid-template-columns:minmax(0, 2fr) minmax(0, 1fr);}}@media all and (max-width: 1024px){.kb-row-layout-id22061_5cb8a0-2c{background-image:none !important;}}@media all and (max-width: 1024px){.kb-row-layout-id22061_5cb8a0-2c [id*=\"jarallax-container-\"]{display:none !important;}}@media all and (max-width: 1024px){.kb-row-layout-id22061_5cb8a0-2c .kt-row-layout-bottom-sep{height:px;}}@media all and (max-width: 1024px){.kb-row-layout-id22061_5cb8a0-2c .kt-row-layout-bottom-sep svg{width:%;}}@media all and (min-width: 768px) and (max-width: 1024px){.kb-row-layout-id22061_5cb8a0-2c{display:none !important;}}@media all and (max-width: 767px){.kb-row-layout-id22061_5cb8a0-2c > .kt-row-column-wrap{column-gap:var(--global-kb-gap-none, 0 );row-gap:var(--global-kb-gap-none, 0 );padding-top:30px;padding-right:20px;padding-bottom:20px;padding-left:20px;grid-template-columns:minmax(0, 1fr);}.kb-row-layout-wrap.wp-block-kadence-rowlayout.kb-row-layout-id22061_5cb8a0-2c{background-image:none !important;}.kb-row-layout-id22061_5cb8a0-2c [id*=\"jarallax-container-\"]{display:none !important;}.kb-row-layout-id22061_5cb8a0-2c > .kt-row-layout-overlay{opacity:0.30;background-image:url('https:\/\/www.geklab.com\/wp-content\/uploads\/2022\/09\/copertina.png');background-size:contain;background-position:right bottom;background-attachment:fixed;background-repeat:no-repeat;}.kb-row-layout-id22061_5cb8a0-2c .kt-row-layout-bottom-sep{height:px;}.kb-row-layout-id22061_5cb8a0-2c .kt-row-layout-bottom-sep svg{width:%;}.kb-row-layout-id22061_5cb8a0-2c{display:none !important;}}<\/style><div class=\"kb-row-layout-wrap kb-row-layout-id22061_5cb8a0-2c alignnone kb-v-lg-hidden kb-v-md-hidden kb-v-sm-hidden kt-row-has-bg wp-block-kadence-rowlayout\"><div class=\"kt-row-layout-overlay kt-row-overlay-normal\"><\/div><div class=\"kt-row-column-wrap kt-has-2-columns kt-row-layout-equal kt-tab-layout-left-golden kt-mobile-layout-row kt-row-valign-middle\">\n<style>.kadence-column22061_63b784-d9 > .kt-inside-inner-col,.kadence-column22061_63b784-d9 > .kt-inside-inner-col:before{border-top-left-radius:0px;border-top-right-radius:0px;border-bottom-right-radius:0px;border-bottom-left-radius:0px;}.kadence-column22061_63b784-d9 > .kt-inside-inner-col:before{opacity:0.3;}.kadence-column22061_63b784-d9{position:relative;}@media all and (max-width: 767px){.kadence-column22061_63b784-d9{text-align:center;}}<\/style>\n<div class=\"wp-block-kadence-column kadence-column22061_63b784-d9 inner-column-1\"><div class=\"kt-inside-inner-col\"><div style=\"height:15px\" aria-hidden=\"true\" class=\"wp-block-spacer\"><\/div>\n\n<div class=\"wp-block-stackable-image stk-block-image has-text-align-left has-text-align-center-mobile stk-block stk-1fd7d15 alignleft\" data-block-id=\"1fd7d15\"><style>.stk-1fd7d15 .stk-img-wrapper{height:50px !important}.stk-1fd7d15 .stk-img-wrapper img{object-position:0% 50% !important;object-fit:contain !important}@media screen and (max-width:767px){.stk-1fd7d15{padding-right:60px !important;padding-left:60px !important}.stk-1fd7d15 .stk-img-wrapper img{object-fit:contain !important}}<\/style><a class=\"stk-link\" href=\"\/perme-test\/\"><div class=\"stk-img-wrapper stk-image--shape-stretch\"><img loading=\"lazy\" decoding=\"async\" class=\"stk-img wp-image-19755\" src=\"https:\/\/www.geklab.com\/wp-content\/uploads\/2025\/02\/PerMe_medical_program.webp\" width=\"1576\" height=\"418\" srcset=\"https:\/\/www.geklab.com\/wp-content\/uploads\/2025\/02\/PerMe_medical_program.webp 1576w, https:\/\/www.geklab.com\/wp-content\/uploads\/2025\/02\/PerMe_medical_program-300x80.webp 300w, https:\/\/www.geklab.com\/wp-content\/uploads\/2025\/02\/PerMe_medical_program-1024x272.webp 1024w, https:\/\/www.geklab.com\/wp-content\/uploads\/2025\/02\/PerMe_medical_program-768x204.webp 768w, https:\/\/www.geklab.com\/wp-content\/uploads\/2025\/02\/PerMe_medical_program-1536x407.webp 1536w, https:\/\/www.geklab.com\/wp-content\/uploads\/2025\/02\/PerMe_medical_program-600x159.webp 600w\" sizes=\"auto, (max-width: 1576px) 100vw, 1576px\" \/><\/div><\/a><\/div>\n\n<div style=\"height:1px\" aria-hidden=\"true\" class=\"wp-block-spacer\"><\/div>\n\n<p>Para conocer los propios niveles de glicaci\u00f3n e inflamaci\u00f3n y actuar sobre el estado de \u00e1nimo, GEK Lab recomienda realizar el programa m\u00e9dico PerM\u00e8 (<strong>PerM\u00e8 Medical Program).<\/strong><\/p><\/div><\/div>\n\n<style>.kadence-column22061_cbdb4c-79 > .kt-inside-inner-col,.kadence-column22061_cbdb4c-79 > .kt-inside-inner-col:before{border-top-left-radius:0px;border-top-right-radius:0px;border-bottom-right-radius:0px;border-bottom-left-radius:0px;}.kadence-column22061_cbdb4c-79 > .kt-inside-inner-col:before{opacity:0.3;}.kadence-column22061_cbdb4c-79{text-align:center;}.kadence-column22061_cbdb4c-79{position:relative;}<\/style>\n<div class=\"wp-block-kadence-column kadence-column22061_cbdb4c-79\"><div class=\"kt-inside-inner-col\"><div class=\"wp-block-stackable-image stk-block-image has-text-align-center stk-block stk-af48962\" data-block-id=\"af48962\"><style>.stk-af48962{margin-bottom:0px !important}.stk-af48962 .stk-img-wrapper{width:150px !important}<\/style><figure><div class=\"stk-img-wrapper stk-image--shape-stretch\"><img loading=\"lazy\" decoding=\"async\" class=\"stk-img wp-image-19877\" src=\"https:\/\/www.geklab.com\/wp-content\/uploads\/2025\/02\/perme-ita-scaled.webp\" width=\"2560\" height=\"2560\" srcset=\"https:\/\/www.geklab.com\/wp-content\/uploads\/2025\/02\/perme-ita-scaled.webp 2560w, https:\/\/www.geklab.com\/wp-content\/uploads\/2025\/02\/perme-ita-300x300.webp 300w, https:\/\/www.geklab.com\/wp-content\/uploads\/2025\/02\/perme-ita-1024x1024.webp 1024w, https:\/\/www.geklab.com\/wp-content\/uploads\/2025\/02\/perme-ita-150x150.webp 150w, https:\/\/www.geklab.com\/wp-content\/uploads\/2025\/02\/perme-ita-768x768.webp 768w, https:\/\/www.geklab.com\/wp-content\/uploads\/2025\/02\/perme-ita-1536x1536.webp 1536w, https:\/\/www.geklab.com\/wp-content\/uploads\/2025\/02\/perme-ita-2048x2048.webp 2048w, https:\/\/www.geklab.com\/wp-content\/uploads\/2025\/02\/perme-ita-64x64.webp 64w, https:\/\/www.geklab.com\/wp-content\/uploads\/2025\/02\/perme-ita-600x600.webp 600w, https:\/\/www.geklab.com\/wp-content\/uploads\/2025\/02\/perme-ita-100x100.webp 100w\" sizes=\"auto, (max-width: 2560px) 100vw, 2560px\" \/><\/div><\/figure><\/div>\n\n<div class=\"wp-block-stackable-button-group stk-block-button-group stk-block stk-5c8f60c\" data-block-id=\"5c8f60c\"><style>.stk-5c8f60c{padding-top:0px !important;padding-right:0px !important;padding-bottom:0px !important;padding-left:0px !important;margin-bottom:0px !important}<\/style><div class=\"stk-row stk-inner-blocks has-text-align-center stk-block-content stk-button-group\"><div class=\"wp-block-stackable-button stk-block-button has-text-align-center stk-block stk-0b72e9d\" data-block-id=\"0b72e9d\"><style>.stk-0b72e9d{margin-top:0px !important;margin-right:0px !important;margin-bottom:0px !important;margin-left:0px !important}<\/style><a class=\"stk-link stk-button stk--hover-effect-darken\" href=\"https:\/\/www.geklab.com\/es\/perme-medical-program\/\"><span class=\"stk-button__inner-text\">Descubre m\u00e1s<\/span><\/a><\/div><\/div><\/div><\/div><\/div>\n<\/div><\/div><\/div><\/div><style>.kb-row-layout-id22061_7dc09b-68 > .kt-row-column-wrap{align-content:start;}:where(.kb-row-layout-id22061_7dc09b-68 > .kt-row-column-wrap) > .wp-block-kadence-column{justify-content:start;}.kb-row-layout-id22061_7dc09b-68 > .kt-row-column-wrap{column-gap:var(--global-kb-gap-md, 2rem);row-gap:var(--global-kb-gap-md, 2rem);padding-top:var(--global-kb-spacing-sm, 1.5rem);padding-bottom:var(--global-kb-spacing-sm, 1.5rem);grid-template-columns:minmax(0, 1fr);}.kb-row-layout-id22061_7dc09b-68 > .kt-row-layout-overlay{opacity:0.30;}@media all and (max-width: 1024px){.kb-row-layout-id22061_7dc09b-68 > .kt-row-column-wrap{grid-template-columns:minmax(0, 1fr);}}@media all and (max-width: 767px){.kb-row-layout-id22061_7dc09b-68 > .kt-row-column-wrap{grid-template-columns:minmax(0, 1fr);}}<\/style><div class=\"kb-row-layout-wrap kb-row-layout-id22061_7dc09b-68 alignnone wp-block-kadence-rowlayout\"><div class=\"kt-row-column-wrap kt-has-1-columns kt-row-layout-equal kt-tab-layout-inherit kt-mobile-layout-row kt-row-valign-top\">\n<style>.kadence-column22061_abe23f-9a > .kt-inside-inner-col,.kadence-column22061_abe23f-9a > .kt-inside-inner-col:before{border-top-left-radius:0px;border-top-right-radius:0px;border-bottom-right-radius:0px;border-bottom-left-radius:0px;}.kadence-column22061_abe23f-9a > .kt-inside-inner-col:before{opacity:0.3;}.kadence-column22061_abe23f-9a{position:relative;}<\/style>\n<div class=\"wp-block-kadence-column kadence-column22061_abe23f-9a inner-column-1\"><div class=\"kt-inside-inner-col\"><p id=\"zuccheri\">La resistencia a la insulina, en la que el organismo no responde correctamente a la insulina, provoca una <a href=\"https:\/\/www.geklab.com\/es\/diabetes-e-hiperglucemia-una-vision-general\/\">acumulaci\u00f3n de az\u00facares en la sangre<\/a>, con efectos perjudiciales no solo para la salud f\u00edsica, sino tambi\u00e9n para la salud mental. De hecho, un estudio publicado en el Journal of Clinical Endocrinology and Metabolism revel\u00f3 que la alteraci\u00f3n de los mecanismos hormonales implicados en el metabolismo puede favorecer la aparici\u00f3n de s\u00edntomas depresivos.<\/p>\n\n<p id=\"zuccheri\">El metabolismo no funciona \u00fanicamente como un sistema de gesti\u00f3n energ\u00e9tica, sino tambi\u00e9n como un sistema que influye directamente en la actividad cerebral, alterando los neurotransmisores y el estado de \u00e1nimo.<br><\/p>\n\n<div class=\"wp-block-stackable-heading stk-block-heading stk-block-heading--v2 stk-block stk-107c2fd\" id=\"il-digiuno-breve-come-alleato-della-chemioterapia\" data-block-id=\"107c2fd\"><style>.stk-107c2fd{margin-bottom:16px !important}<\/style><h2 class=\"stk-block-heading__text\">Az\u00facares y triglic\u00e9ridos elevados: c\u00f3mo la alimentaci\u00f3n influye en el estado de \u00e1nimo<\/h2><\/div>\n\n<p id=\"alimentazione\">El v\u00ednculo entre niveles elevados de az\u00facares, triglic\u00e9ridos y depresi\u00f3n est\u00e1 ya bien documentado. Una dieta rica en az\u00facares y carbohidratos refinados puede provocar picos gluc\u00e9micos que alteran los niveles de insulina e influyen negativamente en la regulaci\u00f3n del estado de \u00e1nimo por parte de los neurotransmisores del cerebro, favoreciendo el desarrollo de s\u00edntomas depresivos.<\/p>\n\n<p id=\"alimentazione\">Estos altibajos gluc\u00e9micos no solo debilitan el estado de \u00e1nimo, sino que tambi\u00e9n aumentan la inflamaci\u00f3n, otro factor que impacta negativamente en la salud mental. Estudios \u2014incluidos aquellos publicados en el<strong> Journal of Affective Disorders<\/strong>\u2014 han demostrado que la <a href=\"https:\/\/www.geklab.com\/es\/y-si-fuera-toda-culpa-de-la-inflamacion\/\">inflamaci\u00f3n cr\u00f3nica<\/a> <strong>puede alterar la funci\u00f3n cerebral,<\/strong> reduciendo la producci\u00f3n de sustancias qu\u00edmicas esenciales para el bienestar psicol\u00f3gico, como la serotonina.<\/p>\n\n<div class=\"wp-block-stackable-heading stk-block-heading stk-block-heading--v2 stk-block stk-dbe001e\" id=\"alimentacion-una-herramienta-poderosa-contra-la-depresion\" data-block-id=\"dbe001e\"><style>.stk-dbe001e{margin-bottom:16px !important}<\/style><h2 class=\"stk-block-heading__text\">Alimentaci\u00f3n: una herramienta poderosa contra la depresi\u00f3n<\/h2><\/div>\n\n<p>Una alimentaci\u00f3n adecuada es fundamental para prevenir y tratar la depresi\u00f3n. Algunos nutrientes desempe\u00f1an un papel clave en la producci\u00f3n de<strong> neurotransmisores que regulan el estado de \u00e1nimo, como la serotonina<\/strong>, la cual depende del tript\u00f3fano, un amino\u00e1cido presente en alimentos como el pavo, las semillas de calabaza, las legumbres y los frutos secos.<\/p>\n\n<p>Adem\u00e1s, las grasas saludables, como<strong> los \u00e1cidos grasos omega-3<\/strong> que se encuentran en el pescado azul y en las nueces, son esenciales para la salud cerebral, ya que reducen la inflamaci\u00f3n y mejoran la funci\u00f3n cognitiva.<\/p>\n\n<p>Las<strong> fibras, presentes en los cereales integrales, las verduras y las frutas<\/strong>, tambi\u00e9n son muy importantes, ya que ayudan a mantener estables los niveles de az\u00facar en sangre, evitando picos gluc\u00e9micos que pueden causar cambios de humor y favoreciendo la salud del microbiota intestinal. <\/p>\n\n<p>Adem\u00e1s, es importante saber que lo que comemos tiene un <strong>impacto directo en nuestro sue\u00f1o,<\/strong> el cual, a su vez, influye profundamente en el estado de \u00e1nimo y la salud mental.<\/p>\n\n<p>Los alimentos ricos en tript\u00f3fano, como los l\u00e1cteos, los pl\u00e1tanos y las semillas de s\u00e9samo, pueden favorecer la producci\u00f3n de melatonina, la hormona que regula el ciclo sue\u00f1o-vigilia, mejorando as\u00ed la calidad del sue\u00f1o y reduciendo los s\u00edntomas depresivos.<\/p>\n\n<p>Por el contrario, los<strong> alimentos ricos en az\u00facares refinados y cafe\u00edna, especialmente cuando se consumen por la tarde o por la noche, pueden interferir con el sue\u00f1o<\/strong> y empeorar los s\u00edntomas de la depresi\u00f3n. <strong>El alcohol, aunque inicialmente puede parecer relajante, altera el sue\u00f1o<\/strong> y reduce la calidad del descanso, contribuyendo al agravamiento de los s\u00edntomas depresivos. <\/p>\n\n<p id=\"perm\u00e9\">Por \u00faltimo, la calidad del sue\u00f1o no depende solo de la alimentaci\u00f3n, sino tambi\u00e9n del estilo de vida. Es esencial seguir una rutina regular para ir a dormir y, dentro de la planificaci\u00f3n semanal, incluir pr\u00e1cticas de relajaci\u00f3n como la meditaci\u00f3n o el yoga.<\/p>\n\n<p id=\"perm\u00e9\">Finalmente \u2014y no por ello menos importante\u2014 el <strong>ejercicio f\u00edsico regular, que genera un cansancio f\u00edsico \u201csaludable\u201d y estimula la producci\u00f3n de endorfinas<\/strong>, mejora tanto el estado de \u00e1nimo como la calidad del sue\u00f1o.<\/p>\n\n<div class=\"wp-block-stackable-heading stk-block-heading stk-block-heading--v2 stk-block stk-5832add\" id=\"per-me-un-recorrido-medico-para-intervenir-en-la-inflamacion-y-la-depresion\" data-block-id=\"5832add\"><style>.stk-5832add{margin-bottom:16px !important}<\/style><h2 class=\"stk-block-heading__text\">PerM\u00e9: un recorrido m\u00e9dico para intervenir en la inflamaci\u00f3n y la depresi\u00f3n<\/h2><\/div>\n\n<p id=\"conclusioni\">La inflamaci\u00f3n cr\u00f3nica ha sido identificada como uno de los principales factores que contribuyen a la depresi\u00f3n, ya que puede alterar los procesos neuroqu\u00edmicos del cerebro, debilitando la regulaci\u00f3n del estado de \u00e1nimo e induciendo una fatiga f\u00edsica y mental que favorece el mantenimiento de un estado depresivo.<\/p>\n\n<p id=\"conclusioni\">El <a href=\"https:\/\/www.geklab.com\/es\/producto\/perme\/\">PerM\u00e9 Recaller Program<\/a>, a trav\u00e9s de una autoextracci\u00f3n capilar que puede realizarse de forma aut\u00f3noma, proporciona informaci\u00f3n detallada sobre c\u00f3mo reacciona el cuerpo ante determinados alimentos, revelando posibles excesos y repeticiones alimentarias que podr\u00edan desencadenar procesos inflamatorios.<\/p>\n\n<p id=\"prevenzione\">Una vez realizado el test, el siguiente paso es seguir <a href=\"https:\/\/www.geklab.com\/diete-a-confronto\/\">la dieta personalizada indicada<\/a> en el informe m\u00e9dico, con el objetivo de reducir la inflamaci\u00f3n, mejorar el metabolismo, restablecer niveles adecuados de energ\u00eda y ayudar a equilibrar el estado de \u00e1nimo, <strong>eventualmente en combinaci\u00f3n con otras terapias.<\/strong><\/p>\n\n<p id=\"prevenzione\">De este modo, la alimentaci\u00f3n no solo mejora la salud f\u00edsica, sino que se convierte tambi\u00e9n en una poderosa aliada en la lucha contra la depresi\u00f3n.<\/p>\n\n<div class=\"wp-block-stackable-heading stk-block-heading stk-block-heading--v2 stk-block stk-6bc6313\" id=\"prevencion-y-tratamiento-el-papel-del-estilo-de-vida\" data-block-id=\"6bc6313\"><style>.stk-6bc6313{margin-bottom:16px !important}<\/style><h2 class=\"stk-block-heading__text\">Prevenci\u00f3n y tratamiento: el papel del estilo de vida<\/h2><\/div>\n\n<p>La depresi\u00f3n es un trastorno que requiere un enfoque integral. Adem\u00e1s de una alimentaci\u00f3n equilibrada, es fundamental adoptar un estilo de vida que favorezca el bienestar mental y f\u00edsico.<\/p>\n\n<p><strong>El ejercicio f\u00edsico regular<\/strong>, por ejemplo, estimula la producci\u00f3n de neurotransmisores positivos como las endorfinas y la serotonina, ayudando a reducir los s\u00edntomas depresivos.<\/p>\n\n<p>Asimismo, la gesti\u00f3n del estr\u00e9s mediante t\u00e9cnicas de relajaci\u00f3n, como la meditaci\u00f3n, y el mantenimiento de una rutina de sue\u00f1o saludable son esenciales para apoyar la recuperaci\u00f3n y prevenir reca\u00eddas<\/p>\n\n<p id=\"conclusioni\">Adem\u00e1s, un estilo de vida que incluya<a href=\"https:\/\/www.geklab.com\/la-dieta-anti-infiammatoria\/\"> una dieta antiinflamatoria<\/a> y rica en nutrientes esenciales, un buen descanso, actividad f\u00edsica regular y una adecuada gesti\u00f3n del estr\u00e9s puede marcar una gran diferencia en el tratamiento y la prevenci\u00f3n de la depresi\u00f3n.<\/p>\n\n<p id=\"conclusioni\">Consultar a un m\u00e9dico o a un nutricionista para desarrollar un plan alimentario personalizado \u2014eventualmente respaldado por pruebas como el programa <a href=\"https:\/\/www.geklab.com\/es\/producto\/perme\/\">PerM\u00e9 Recaller Program<\/a>\u2014 puede ofrecer una ayuda concreta para mejorar la salud psicol\u00f3gica y f\u00edsica de forma integral.<\/p>\n\n<div class=\"wp-block-stackable-heading stk-block-heading stk-block-heading--v2 stk-block stk-411bdc8\" id=\"conclusiones\" data-block-id=\"411bdc8\"><h2 class=\"stk-block-heading__text\">Conclusiones<\/h2><\/div>\n\n<p>La depresi\u00f3n es un trastorno complejo que implica m\u00faltiples factores. Una alimentaci\u00f3n equilibrada, un metabolismo saludable y un estilo de vida adecuado son fundamentales para prevenir y tratar esta condici\u00f3n.<\/p>\n\n<p>Intervenciones espec\u00edficas, como el uso del <a href=\"https:\/\/www.geklab.com\/es\/producto\/perme\/\">PerM\u00e9 Recaller Program<\/a> para identificar inflamaciones relacionadas con los alimentos y niveles elevados de glicaci\u00f3n, pueden representar el primer paso hacia una mejora del bienestar psicol\u00f3gico a trav\u00e9s de elecciones alimentarias conscientes y personalizadas.<\/p>\n\n<p>El manejo de la depresi\u00f3n no deber\u00eda limitarse \u00fanicamente a tratamientos psicol\u00f3gicos o farmacol\u00f3gicos, sino que deber\u00eda incluir un enfoque hol\u00edstico que tenga en cuenta tambi\u00e9n el papel de la dieta y del metabolismo individual.<\/p>\n\n<p><\/p>\n\n<p><em>Elaborado por <a href=\"https:\/\/www.geklab.com\/es\/la-redaccion-cientifica\/\">la redacci\u00f3n cient\u00edfica de GEK Lab<\/a> <\/em><\/p>\n\n<div class=\"wp-block-stackable-heading stk-block-heading stk-block-heading--v2 stk-block stk-11692d3\" id=\"articoli-correlati\" data-block-id=\"11692d3\"><style>.stk-11692d3{margin-bottom:10px !important}.stk-11692d3 .stk-block-heading__text{font-size:30px !important}@media screen and (max-width:1023px){.stk-11692d3 .stk-block-heading__text{font-size:30px !important}}<\/style><h3 class=\"stk-block-heading__text has-text-align-center\">Articoli correlati<\/h3><\/div>\n\n<div class=\"wp-block-uagb-post-grid uagb-post-grid  uagb-post__image-position-top uagb-post__image-enabled uagb-block-ea6d35cb     uagb-post__items uagb-post__columns-3 is-grid uagb-post__columns-tablet-2 uagb-post__columns-mobile-1 uagb-post__equal-height\" data-total=\"1\" style=\"\">\n\n\t\t\t\t\t\t\t\t\t\t\t\t<article class=\"uagb-post__inner-wrap\">\t\t\t\t\t\t\t\t<div class='uagb-post__image'>\n\t\t\t\t\t\t\t\t\t<a href=\"https:\/\/www.geklab.com\/es\/resistencia-insulina-sintomas-remedios\/\" target=\"_self\" rel=\"bookmark noopener noreferrer\" class='uagb-image-ratio-inherit'><img loading=\"lazy\" decoding=\"async\" width=\"693\" height=\"500\" src=\"https:\/\/www.geklab.com\/wp-content\/uploads\/2023\/07\/Sovrappeso-infiammazione-e-alimentazione_articleimage.jpeg\" class=\"attachment-large size-large\" alt=\"Ragazza affetta da resistenza insulinica\" srcset=\"https:\/\/www.geklab.com\/wp-content\/uploads\/2023\/07\/Sovrappeso-infiammazione-e-alimentazione_articleimage.jpeg 693w, https:\/\/www.geklab.com\/wp-content\/uploads\/2023\/07\/Sovrappeso-infiammazione-e-alimentazione_articleimage-600x433.jpeg 600w, https:\/\/www.geklab.com\/wp-content\/uploads\/2023\/07\/Sovrappeso-infiammazione-e-alimentazione_articleimage-300x216.jpeg 300w\" sizes=\"auto, (max-width: 693px) 100vw, 693px\" \/>\t\t\t\t\t<\/a>\n\t\t\t\t\t\t\t<\/div>\n\t\t\t\t\t\t<h5 class=\"uagb-post__title uagb-post__text\">\n\t\t\t\t<a href=\"https:\/\/www.geklab.com\/es\/resistencia-insulina-sintomas-remedios\/\" target=\"_self\" rel=\"bookmark noopener noreferrer\">Resistencia a la Insulina: S\u00edntomas, Causas y Remedios<\/a>\n\t\t\t<\/h5>\n\t\t\t\t\t\t<div class='uagb-post__text uagb-post-grid-byline'>\n\t\t\t\t\t\t\t<\/div>\n\t\t\t\t\t\t\t<div class='uagb-post__text uagb-post__excerpt'>\n\t\t\t\t\tReconocer los s\u00edntomas de la resistencia a la insulina y adoptar estrategias para afrontarla es&#8230;\t\t\t\t<\/div>\n\t\t\t\t\t\t\t\t\t\t\t\t<\/article>\n\t\t\t\t\t\t\t\t\t\t\t<\/div><\/div><\/div>\n<\/div><\/div>","protected":false},"excerpt":{"rendered":"<p>Le stime indicano che pi\u00f9 di 3 milioni di italiani convivono con sintomi depressivi, e si calcola che circa il 20% della popolazione, nel corso della vita, sperimenter\u00e0 almeno un episodio depressivo. Questi numeri continuano a crescere, alimentati da fattori legati allo stress, e ai cambiamenti nei nostri stili di vita e nelle abitudini alimentari. <\/p>\n<p>La depressione non \u00e8 solo una condizione psicologica: \u00e8 anche strettamente legata alla fisicit\u00e0, in particolare al metabolismo e all\u2019alimentazione, che giocano un ruolo cruciale nella sua insorgenza e gestione.<\/p>\n","protected":false},"author":10,"featured_media":21097,"comment_status":"closed","ping_status":"closed","sticky":false,"template":"","format":"standard","meta":{"_uag_custom_page_level_css":"","footnotes":""},"categories":[307],"tags":[469,468,275,272,283,279],"class_list":["post-22061","post","type-post","status-publish","format-standard","has-post-thumbnail","hentry","category-enfermedades-sintomas","tag-depresion","tag-depressione-es","tag-glicacion","tag-inflamacion","tag-metabolismo-es","tag-perme-medical-program"],"blocksy_meta":{"styles_descriptor":{"styles":{"desktop":"","tablet":"","mobile":""},"google_fonts":[],"version":6}},"featured_image_urls":{"full":["https:\/\/www.geklab.com\/wp-content\/uploads\/2025\/04\/Depressione-come-affrontarla-naturalmente_articleimage-5.jpg",753,500,false],"thumbnail":["https:\/\/www.geklab.com\/wp-content\/uploads\/2025\/04\/Depressione-come-affrontarla-naturalmente_articleimage-5-150x150.jpg",150,150,true],"medium":["https:\/\/www.geklab.com\/wp-content\/uploads\/2025\/04\/Depressione-come-affrontarla-naturalmente_articleimage-5-300x199.jpg",300,199,true],"medium_large":["https:\/\/www.geklab.com\/wp-content\/uploads\/2025\/04\/Depressione-come-affrontarla-naturalmente_articleimage-5.jpg",753,500,false],"large":["https:\/\/www.geklab.com\/wp-content\/uploads\/2025\/04\/Depressione-come-affrontarla-naturalmente_articleimage-5.jpg",753,500,false],"1536x1536":["https:\/\/www.geklab.com\/wp-content\/uploads\/2025\/04\/Depressione-come-affrontarla-naturalmente_articleimage-5.jpg",753,500,false],"2048x2048":["https:\/\/www.geklab.com\/wp-content\/uploads\/2025\/04\/Depressione-come-affrontarla-naturalmente_articleimage-5.jpg",753,500,false],"xs-thumb":["https:\/\/www.geklab.com\/wp-content\/uploads\/2025\/04\/Depressione-come-affrontarla-naturalmente_articleimage-5-64x64.jpg",64,64,true],"woocommerce_archive_thumbnail":["https:\/\/www.geklab.com\/wp-content\/uploads\/2025\/04\/Depressione-come-affrontarla-naturalmente_articleimage-5-300x400.jpg",300,400,true],"woocommerce_thumbnail":["https:\/\/www.geklab.com\/wp-content\/uploads\/2025\/04\/Depressione-come-affrontarla-naturalmente_articleimage-5-300x400.jpg",300,400,true],"woocommerce_single":["https:\/\/www.geklab.com\/wp-content\/uploads\/2025\/04\/Depressione-come-affrontarla-naturalmente_articleimage-5-600x398.jpg",600,398,true],"woocommerce_gallery_thumbnail":["https:\/\/www.geklab.com\/wp-content\/uploads\/2025\/04\/Depressione-come-affrontarla-naturalmente_articleimage-5-64x64.jpg",50,50,true]},"post_excerpt_stackable":"<p>Le stime indicano che pi\u00f9 di 3 milioni di italiani convivono con sintomi depressivi, e si calcola che circa il 20% della popolazione, nel corso della vita, sperimenter\u00e0 almeno un episodio depressivo. Questi numeri continuano a crescere, alimentati da fattori legati allo stress, e ai cambiamenti nei nostri stili di vita e nelle abitudini alimentari. <\/p>\n<p>La depressione non \u00e8 solo una condizione psicologica: \u00e8 anche strettamente legata alla fisicit\u00e0, in particolare al metabolismo e all\u2019alimentazione, che giocano un ruolo cruciale nella sua insorgenza e gestione.<\/p>\n","category_list":"<a href=\"https:\/\/www.geklab.com\/es\/categoria\/enfermedades-sintomas\/\" rel=\"category tag\">Enfermedades y Sintomas<\/a>","author_info":{"name":"Eugenio Spagnolini","url":"https:\/\/www.geklab.com\/es\/author\/eugenio\/"},"comments_num":"0 comments","yoast_head":"<!-- This site is optimized with the Yoast SEO plugin v21.7 - https:\/\/yoast.com\/wordpress\/plugins\/seo\/ -->\n<title>Depresi\u00f3n, alimentaci\u00f3n y metabolismo: comprender sus v\u00ednculos y posibles soluciones.<\/title>\n<meta name=\"description\" content=\"La depressione non \u00e8 solo una condizione psicologica: \u00e8 strettamente legata al metabolismo e all\u2019alimentazione, che giocano un ruolo cruciale nella sua insorgenza e gestione.\" \/>\n<meta name=\"robots\" content=\"index, follow, max-snippet:-1, max-image-preview:large, max-video-preview:-1\" \/>\n<link rel=\"canonical\" href=\"https:\/\/www.geklab.com\/es\/depresion-alimentacion-y-metabolismo\/\" \/>\n<meta property=\"og:locale\" content=\"es_ES\" \/>\n<meta property=\"og:type\" content=\"article\" \/>\n<meta property=\"og:title\" content=\"Depresi\u00f3n, alimentaci\u00f3n y metabolismo: comprender sus v\u00ednculos y posibles soluciones.\" \/>\n<meta property=\"og:description\" content=\"Negli ultimi anni, le ricerche scientifiche hanno sottolineato l&#039;importanza dell&#039;alimentazione nella prevenzione e nel trattamento del tumore. In particolare, l&#039;effetto degli zuccheri sullo sviluppo e sulla progressione delle malattie oncologiche ha guadagnato attenzione.\" \/>\n<meta property=\"og:url\" content=\"https:\/\/www.geklab.com\/es\/depresion-alimentacion-y-metabolismo\/\" \/>\n<meta property=\"og:site_name\" content=\"GEK Lab\" \/>\n<meta property=\"article:publisher\" content=\"https:\/\/www.facebook.com\/geklab.official\" \/>\n<meta property=\"article:published_time\" content=\"2025-04-08T12:18:22+00:00\" \/>\n<meta property=\"article:modified_time\" content=\"2026-04-21T08:24:17+00:00\" \/>\n<meta property=\"og:image\" content=\"https:\/\/www.geklab.com\/wp-content\/uploads\/2025\/04\/Depressione-come-affrontarla-naturalmente_articleimage-5.jpg\" \/>\n\t<meta property=\"og:image:width\" content=\"753\" \/>\n\t<meta property=\"og:image:height\" content=\"500\" \/>\n\t<meta property=\"og:image:type\" content=\"image\/jpeg\" \/>\n<meta name=\"author\" content=\"Eugenio Spagnolini\" \/>\n<meta name=\"twitter:card\" content=\"summary_large_image\" \/>\n<meta name=\"twitter:label1\" content=\"Written by\" \/>\n\t<meta name=\"twitter:data1\" content=\"Eugenio Spagnolini\" \/>\n\t<meta name=\"twitter:label2\" content=\"Est. reading time\" \/>\n\t<meta name=\"twitter:data2\" content=\"8 minutes\" \/>\n<script type=\"application\/ld+json\" class=\"yoast-schema-graph\">{\"@context\":\"https:\/\/schema.org\",\"@graph\":[{\"@type\":\"Article\",\"@id\":\"https:\/\/www.geklab.com\/es\/depresion-alimentacion-y-metabolismo\/#article\",\"isPartOf\":{\"@id\":\"https:\/\/www.geklab.com\/es\/depresion-alimentacion-y-metabolismo\/\"},\"author\":{\"name\":\"Eugenio Spagnolini\",\"@id\":\"https:\/\/www.geklab.com\/#\/schema\/person\/e1adf7ed5f87cbfa6f7e001256e1dc5d\"},\"headline\":\"Depresi\u00f3n, alimentaci\u00f3n y metabolismo: comprender sus v\u00ednculos y posibles soluciones.\",\"datePublished\":\"2025-04-08T12:18:22+00:00\",\"dateModified\":\"2026-04-21T08:24:17+00:00\",\"mainEntityOfPage\":{\"@id\":\"https:\/\/www.geklab.com\/es\/depresion-alimentacion-y-metabolismo\/\"},\"wordCount\":1564,\"publisher\":{\"@id\":\"https:\/\/www.geklab.com\/#organization\"},\"keywords\":[\"depresion\",\"depressione\",\"Glicaci\u00f3n\",\"Inflamaci\u00f3n\",\"Metabolismo\",\"PerM\u00e8 Medical Program\"],\"articleSection\":[\"Enfermedades y Sintomas\"],\"inLanguage\":\"es-ES\"},{\"@type\":\"WebPage\",\"@id\":\"https:\/\/www.geklab.com\/es\/depresion-alimentacion-y-metabolismo\/\",\"url\":\"https:\/\/www.geklab.com\/es\/depresion-alimentacion-y-metabolismo\/\",\"name\":\"Depresi\u00f3n, alimentaci\u00f3n y metabolismo: comprender sus v\u00ednculos y posibles soluciones.\",\"isPartOf\":{\"@id\":\"https:\/\/www.geklab.com\/#website\"},\"datePublished\":\"2025-04-08T12:18:22+00:00\",\"dateModified\":\"2026-04-21T08:24:17+00:00\",\"description\":\"La depressione non \u00e8 solo una condizione psicologica: \u00e8 strettamente legata al metabolismo e all\u2019alimentazione, che giocano un ruolo cruciale nella sua insorgenza e gestione.\",\"breadcrumb\":{\"@id\":\"https:\/\/www.geklab.com\/es\/depresion-alimentacion-y-metabolismo\/#breadcrumb\"},\"inLanguage\":\"es-ES\",\"potentialAction\":[{\"@type\":\"ReadAction\",\"target\":[\"https:\/\/www.geklab.com\/es\/depresion-alimentacion-y-metabolismo\/\"]}]},{\"@type\":\"BreadcrumbList\",\"@id\":\"https:\/\/www.geklab.com\/es\/depresion-alimentacion-y-metabolismo\/#breadcrumb\",\"itemListElement\":[{\"@type\":\"ListItem\",\"position\":1,\"name\":\"Home\",\"item\":\"https:\/\/www.geklab.com\/es\/\"},{\"@type\":\"ListItem\",\"position\":2,\"name\":\"Depresi\u00f3n, alimentaci\u00f3n y metabolismo: comprender sus v\u00ednculos y posibles soluciones.\"}]},{\"@type\":\"WebSite\",\"@id\":\"https:\/\/www.geklab.com\/#website\",\"url\":\"https:\/\/www.geklab.com\/\",\"name\":\"GEK Lab\",\"description\":\"Science of Nutrition\",\"publisher\":{\"@id\":\"https:\/\/www.geklab.com\/#organization\"},\"potentialAction\":[{\"@type\":\"SearchAction\",\"target\":{\"@type\":\"EntryPoint\",\"urlTemplate\":\"https:\/\/www.geklab.com\/?s={search_term_string}\"},\"query-input\":\"required name=search_term_string\"}],\"inLanguage\":\"es-ES\"},{\"@type\":\"Organization\",\"@id\":\"https:\/\/www.geklab.com\/#organization\",\"name\":\"GEK Lab\",\"url\":\"https:\/\/www.geklab.com\/\",\"logo\":{\"@type\":\"ImageObject\",\"inLanguage\":\"es-ES\",\"@id\":\"https:\/\/www.geklab.com\/#\/schema\/logo\/image\/\",\"url\":\"https:\/\/www.geklab.com\/wp-content\/uploads\/2025\/03\/gek-vertical.jpg\",\"contentUrl\":\"https:\/\/www.geklab.com\/wp-content\/uploads\/2025\/03\/gek-vertical.jpg\",\"width\":696,\"height\":696,\"caption\":\"GEK Lab\"},\"image\":{\"@id\":\"https:\/\/www.geklab.com\/#\/schema\/logo\/image\/\"},\"sameAs\":[\"https:\/\/www.facebook.com\/geklab.official\",\"https:\/\/www.instagram.com\/geklab.official\/\",\"https:\/\/www.linkedin.com\/company\/gek-srl\/\"]},{\"@type\":\"Person\",\"@id\":\"https:\/\/www.geklab.com\/#\/schema\/person\/e1adf7ed5f87cbfa6f7e001256e1dc5d\",\"name\":\"Eugenio Spagnolini\",\"image\":{\"@type\":\"ImageObject\",\"inLanguage\":\"es-ES\",\"@id\":\"https:\/\/www.geklab.com\/#\/schema\/person\/image\/\",\"url\":\"https:\/\/secure.gravatar.com\/avatar\/a0886b694b523d957024c318a9efca54?s=96&d=mm&r=g\",\"contentUrl\":\"https:\/\/secure.gravatar.com\/avatar\/a0886b694b523d957024c318a9efca54?s=96&d=mm&r=g\",\"caption\":\"Eugenio Spagnolini\"}}]}<\/script>\n<!-- \/ Yoast SEO plugin. -->","yoast_head_json":{"title":"Depresi\u00f3n, alimentaci\u00f3n y metabolismo: comprender sus v\u00ednculos y posibles soluciones.","description":"La depressione non \u00e8 solo una condizione psicologica: \u00e8 strettamente legata al metabolismo e all\u2019alimentazione, che giocano un ruolo cruciale nella sua insorgenza e gestione.","robots":{"index":"index","follow":"follow","max-snippet":"max-snippet:-1","max-image-preview":"max-image-preview:large","max-video-preview":"max-video-preview:-1"},"canonical":"https:\/\/www.geklab.com\/es\/depresion-alimentacion-y-metabolismo\/","og_locale":"es_ES","og_type":"article","og_title":"Depresi\u00f3n, alimentaci\u00f3n y metabolismo: comprender sus v\u00ednculos y posibles soluciones.","og_description":"Negli ultimi anni, le ricerche scientifiche hanno sottolineato l'importanza dell'alimentazione nella prevenzione e nel trattamento del tumore. In particolare, l'effetto degli zuccheri sullo sviluppo e sulla progressione delle malattie oncologiche ha guadagnato attenzione.","og_url":"https:\/\/www.geklab.com\/es\/depresion-alimentacion-y-metabolismo\/","og_site_name":"GEK Lab","article_publisher":"https:\/\/www.facebook.com\/geklab.official","article_published_time":"2025-04-08T12:18:22+00:00","article_modified_time":"2026-04-21T08:24:17+00:00","og_image":[{"width":753,"height":500,"url":"https:\/\/www.geklab.com\/wp-content\/uploads\/2025\/04\/Depressione-come-affrontarla-naturalmente_articleimage-5.jpg","type":"image\/jpeg"}],"author":"Eugenio Spagnolini","twitter_card":"summary_large_image","twitter_misc":{"Written by":"Eugenio Spagnolini","Est. reading time":"8 minutes"},"schema":{"@context":"https:\/\/schema.org","@graph":[{"@type":"Article","@id":"https:\/\/www.geklab.com\/es\/depresion-alimentacion-y-metabolismo\/#article","isPartOf":{"@id":"https:\/\/www.geklab.com\/es\/depresion-alimentacion-y-metabolismo\/"},"author":{"name":"Eugenio Spagnolini","@id":"https:\/\/www.geklab.com\/#\/schema\/person\/e1adf7ed5f87cbfa6f7e001256e1dc5d"},"headline":"Depresi\u00f3n, alimentaci\u00f3n y metabolismo: comprender sus v\u00ednculos y posibles soluciones.","datePublished":"2025-04-08T12:18:22+00:00","dateModified":"2026-04-21T08:24:17+00:00","mainEntityOfPage":{"@id":"https:\/\/www.geklab.com\/es\/depresion-alimentacion-y-metabolismo\/"},"wordCount":1564,"publisher":{"@id":"https:\/\/www.geklab.com\/#organization"},"keywords":["depresion","depressione","Glicaci\u00f3n","Inflamaci\u00f3n","Metabolismo","PerM\u00e8 Medical Program"],"articleSection":["Enfermedades y Sintomas"],"inLanguage":"es-ES"},{"@type":"WebPage","@id":"https:\/\/www.geklab.com\/es\/depresion-alimentacion-y-metabolismo\/","url":"https:\/\/www.geklab.com\/es\/depresion-alimentacion-y-metabolismo\/","name":"Depresi\u00f3n, alimentaci\u00f3n y metabolismo: comprender sus v\u00ednculos y posibles soluciones.","isPartOf":{"@id":"https:\/\/www.geklab.com\/#website"},"datePublished":"2025-04-08T12:18:22+00:00","dateModified":"2026-04-21T08:24:17+00:00","description":"La depressione non \u00e8 solo una condizione psicologica: \u00e8 strettamente legata al metabolismo e all\u2019alimentazione, che giocano un ruolo cruciale nella sua insorgenza e gestione.","breadcrumb":{"@id":"https:\/\/www.geklab.com\/es\/depresion-alimentacion-y-metabolismo\/#breadcrumb"},"inLanguage":"es-ES","potentialAction":[{"@type":"ReadAction","target":["https:\/\/www.geklab.com\/es\/depresion-alimentacion-y-metabolismo\/"]}]},{"@type":"BreadcrumbList","@id":"https:\/\/www.geklab.com\/es\/depresion-alimentacion-y-metabolismo\/#breadcrumb","itemListElement":[{"@type":"ListItem","position":1,"name":"Home","item":"https:\/\/www.geklab.com\/es\/"},{"@type":"ListItem","position":2,"name":"Depresi\u00f3n, alimentaci\u00f3n y metabolismo: comprender sus v\u00ednculos y posibles soluciones."}]},{"@type":"WebSite","@id":"https:\/\/www.geklab.com\/#website","url":"https:\/\/www.geklab.com\/","name":"GEK Lab","description":"Science of Nutrition","publisher":{"@id":"https:\/\/www.geklab.com\/#organization"},"potentialAction":[{"@type":"SearchAction","target":{"@type":"EntryPoint","urlTemplate":"https:\/\/www.geklab.com\/?s={search_term_string}"},"query-input":"required name=search_term_string"}],"inLanguage":"es-ES"},{"@type":"Organization","@id":"https:\/\/www.geklab.com\/#organization","name":"GEK Lab","url":"https:\/\/www.geklab.com\/","logo":{"@type":"ImageObject","inLanguage":"es-ES","@id":"https:\/\/www.geklab.com\/#\/schema\/logo\/image\/","url":"https:\/\/www.geklab.com\/wp-content\/uploads\/2025\/03\/gek-vertical.jpg","contentUrl":"https:\/\/www.geklab.com\/wp-content\/uploads\/2025\/03\/gek-vertical.jpg","width":696,"height":696,"caption":"GEK Lab"},"image":{"@id":"https:\/\/www.geklab.com\/#\/schema\/logo\/image\/"},"sameAs":["https:\/\/www.facebook.com\/geklab.official","https:\/\/www.instagram.com\/geklab.official\/","https:\/\/www.linkedin.com\/company\/gek-srl\/"]},{"@type":"Person","@id":"https:\/\/www.geklab.com\/#\/schema\/person\/e1adf7ed5f87cbfa6f7e001256e1dc5d","name":"Eugenio Spagnolini","image":{"@type":"ImageObject","inLanguage":"es-ES","@id":"https:\/\/www.geklab.com\/#\/schema\/person\/image\/","url":"https:\/\/secure.gravatar.com\/avatar\/a0886b694b523d957024c318a9efca54?s=96&d=mm&r=g","contentUrl":"https:\/\/secure.gravatar.com\/avatar\/a0886b694b523d957024c318a9efca54?s=96&d=mm&r=g","caption":"Eugenio Spagnolini"}}]}},"uagb_featured_image_src":{"full":["https:\/\/www.geklab.com\/wp-content\/uploads\/2025\/04\/Depressione-come-affrontarla-naturalmente_articleimage-5.jpg",753,500,false],"thumbnail":["https:\/\/www.geklab.com\/wp-content\/uploads\/2025\/04\/Depressione-come-affrontarla-naturalmente_articleimage-5-150x150.jpg",150,150,true],"medium":["https:\/\/www.geklab.com\/wp-content\/uploads\/2025\/04\/Depressione-come-affrontarla-naturalmente_articleimage-5-300x199.jpg",300,199,true],"medium_large":["https:\/\/www.geklab.com\/wp-content\/uploads\/2025\/04\/Depressione-come-affrontarla-naturalmente_articleimage-5.jpg",753,500,false],"large":["https:\/\/www.geklab.com\/wp-content\/uploads\/2025\/04\/Depressione-come-affrontarla-naturalmente_articleimage-5.jpg",753,500,false],"1536x1536":["https:\/\/www.geklab.com\/wp-content\/uploads\/2025\/04\/Depressione-come-affrontarla-naturalmente_articleimage-5.jpg",753,500,false],"2048x2048":["https:\/\/www.geklab.com\/wp-content\/uploads\/2025\/04\/Depressione-come-affrontarla-naturalmente_articleimage-5.jpg",753,500,false],"xs-thumb":["https:\/\/www.geklab.com\/wp-content\/uploads\/2025\/04\/Depressione-come-affrontarla-naturalmente_articleimage-5-64x64.jpg",64,64,true],"woocommerce_archive_thumbnail":["https:\/\/www.geklab.com\/wp-content\/uploads\/2025\/04\/Depressione-come-affrontarla-naturalmente_articleimage-5-300x400.jpg",300,400,true],"woocommerce_thumbnail":["https:\/\/www.geklab.com\/wp-content\/uploads\/2025\/04\/Depressione-come-affrontarla-naturalmente_articleimage-5-300x400.jpg",300,400,true],"woocommerce_single":["https:\/\/www.geklab.com\/wp-content\/uploads\/2025\/04\/Depressione-come-affrontarla-naturalmente_articleimage-5-600x398.jpg",600,398,true],"woocommerce_gallery_thumbnail":["https:\/\/www.geklab.com\/wp-content\/uploads\/2025\/04\/Depressione-come-affrontarla-naturalmente_articleimage-5-64x64.jpg",50,50,true]},"uagb_author_info":{"display_name":"Eugenio Spagnolini","author_link":"https:\/\/www.geklab.com\/es\/author\/eugenio\/"},"uagb_comment_info":0,"uagb_excerpt":"Le stime indicano che pi\u00f9 di 3 milioni di italiani convivono con sintomi depressivi, e si calcola che circa il 20% della popolazione, nel corso della vita, sperimenter\u00e0 almeno un episodio depressivo. Questi numeri continuano a crescere, alimentati da fattori legati allo stress, e ai cambiamenti nei nostri stili di vita e nelle abitudini alimentari.&hellip;","_links":{"self":[{"href":"https:\/\/www.geklab.com\/es\/wp-json\/wp\/v2\/posts\/22061","targetHints":{"allow":["GET"]}}],"collection":[{"href":"https:\/\/www.geklab.com\/es\/wp-json\/wp\/v2\/posts"}],"about":[{"href":"https:\/\/www.geklab.com\/es\/wp-json\/wp\/v2\/types\/post"}],"author":[{"embeddable":true,"href":"https:\/\/www.geklab.com\/es\/wp-json\/wp\/v2\/users\/10"}],"replies":[{"embeddable":true,"href":"https:\/\/www.geklab.com\/es\/wp-json\/wp\/v2\/comments?post=22061"}],"version-history":[{"count":16,"href":"https:\/\/www.geklab.com\/es\/wp-json\/wp\/v2\/posts\/22061\/revisions"}],"predecessor-version":[{"id":26870,"href":"https:\/\/www.geklab.com\/es\/wp-json\/wp\/v2\/posts\/22061\/revisions\/26870"}],"wp:featuredmedia":[{"embeddable":true,"href":"https:\/\/www.geklab.com\/es\/wp-json\/wp\/v2\/media\/21097"}],"wp:attachment":[{"href":"https:\/\/www.geklab.com\/es\/wp-json\/wp\/v2\/media?parent=22061"}],"wp:term":[{"taxonomy":"category","embeddable":true,"href":"https:\/\/www.geklab.com\/es\/wp-json\/wp\/v2\/categories?post=22061"},{"taxonomy":"post_tag","embeddable":true,"href":"https:\/\/www.geklab.com\/es\/wp-json\/wp\/v2\/tags?post=22061"}],"curies":[{"name":"wp","href":"https:\/\/api.w.org\/{rel}","templated":true}]}}