{"id":18748,"date":"2024-09-30T14:52:00","date_gmt":"2024-09-30T13:52:00","guid":{"rendered":"https:\/\/www.geklab.com\/reflusso-gastroesofageo\/"},"modified":"2025-02-18T18:32:32","modified_gmt":"2025-02-18T17:32:32","slug":"reflujo-gastroesofagico-sintomas-causas-inflamatorias-y-terapia","status":"publish","type":"post","link":"https:\/\/www.geklab.com\/es\/reflujo-gastroesofagico-sintomas-causas-inflamatorias-y-terapia\/","title":{"rendered":"Reflujo gastroesof\u00e1gico: s\u00edntomas, causas inflamatorias y terapia"},"content":{"rendered":"<p><em>Actualizado el 7\/10\/2024<\/em><\/p><div class=\"wp-block-stackable-icon-list stk-block-icon-list stk-block stk-e6677be\" data-block-id=\"e6677be\"><style>.stk-e6677be{column-count:2 !important}.stk-e6677be ul li{list-style-image:url('data:image\/svg+xml;base64,PHN2ZyB4bWxucz0iaHR0cDovL3d3dy53My5vcmcvMjAwMC9zdmciIHZpZXdCb3g9IjAgMCAxOTAgMTkwIiBzdHlsZT0iZmlsbDogIzAwMCAhaW1wb3J0YW50OyBjb2xvcjogIzAwMCAhaW1wb3J0YW50O3RyYW5zZm9ybTogcm90YXRlKGRlZykgIWltcG9ydGFudDsiPjxwb2x5Z29uIHBvaW50cz0iMTczLjgsMjguNCA2MC40LDE0MS44IDE1LjcsOTcuMiA1LjEsMTA3LjggNjAuNCwxNjMgMTg0LjQsMzkgMTczLjgsMjguNCIgZmlsbD0iIzAwMCIgc3Ryb2tlPSIjMDAwIiBzdHlsZT0iZmlsbDogcmdiKDAsIDAsIDApOyBzdHJva2U6IHJnYigwLCAwLCAwKTsiLz48L3N2Zz4=') !important}<\/style><ol><li><a href=\"#sintomas\">S\u00edntomas del reflujos<\/a><\/li><li><a href=\"#causas-generales\">Causas generales del reflujo gastroesof\u00e1gico<\/a><\/li><li><a href=\"#hernia-hiatal\">Reflujo por hernia hiatal<\/a><\/li><li><a href=\"#causas-psicosomaticas\">Causas psicosom\u00e1ticas<\/a><\/li><li><span style=\"color: var(--theme-text-color); font-family: var(--theme-font-family); font-size: var(--theme-font-size); font-style: var(--theme-font-style, inherit); letter-spacing: var(--theme-letter-spacing); text-transform: var(--theme-text-transform); text-decoration: var(--theme-text-decoration);\"><a href=\"#esofagitis-eosinofilica\">Esofagitis eosinof\u00edlica<\/a><\/span><\/li><li><a href=\"#enfoque-terapeutico\">Enfoque terapeutico<\/a><\/li><\/ol><\/div><figure class=\"wp-block-image alignleft size-full is-resized\"><img loading=\"lazy\" decoding=\"async\" width=\"750\" height=\"500\" src=\"https:\/\/www.geklab.com\/wp-content\/uploads\/2023\/11\/Con-l-autunno-sono-dolori-di-stomaco_articleimage.jpg\" alt=\"\" class=\"wp-image-11178\" style=\"width:500px;height:auto\" srcset=\"https:\/\/www.geklab.com\/wp-content\/uploads\/2023\/11\/Con-l-autunno-sono-dolori-di-stomaco_articleimage.jpg 750w, https:\/\/www.geklab.com\/wp-content\/uploads\/2023\/11\/Con-l-autunno-sono-dolori-di-stomaco_articleimage-600x400.jpg 600w, https:\/\/www.geklab.com\/wp-content\/uploads\/2023\/11\/Con-l-autunno-sono-dolori-di-stomaco_articleimage-300x200.jpg 300w\" sizes=\"auto, (max-width: 750px) 100vw, 750px\" \/><\/figure><p id=\"sintomi\">La sensaci\u00f3n de ardor detr\u00e1s del estern\u00f3n, la pesadez en el est\u00f3mago o el regurgitar en la boca pueden indicar la presencia de una condici\u00f3n llamada Enfermedad por Reflujo Gastroesof\u00e1gico (o ERGE). <\/p><p id=\"sintomi\">Este trastorno no es en absoluto raro y afecta aproximadamente al 15% de la poblaci\u00f3n en los pa\u00edses industrializados.<\/p><div class=\"wp-block-stackable-heading stk-block-heading stk-block-heading--v2 stk-block stk-f5b62c3\" id=\"sintomas\" data-block-id=\"f5b62c3\"><style>.stk-f5b62c3{margin-bottom:15px !important}<\/style><h2 class=\"stk-block-heading__text\"><strong><strong>S\u00edntomas del reflujos<\/strong><\/strong><\/h2><\/div><p>Los s\u00edntomas incluyen pirosis retroesternal (ardor en el centro del pecho) y regurgitaci\u00f3n, tanto \u00e1cida como no \u00e1cida. <\/p><p>Otros s\u00edntomas comunes son dolor tor\u00e1cico y dificultad para tragar. Tambi\u00e9n pueden manifestarse s\u00edntomas &#8220;extraesof\u00e1gicos&#8221; como tos cr\u00f3nica, erosi\u00f3n dental, asma y laringitis.<\/p><blockquote class=\"wp-block-stackable-blockquote stk-block-blockquote stk-block stk-8339d85 is-style-simple\" data-v=\"2\" data-block-id=\"8339d85\"><style>.stk-8339d85{margin-bottom:0px !important}<\/style><div class=\"has-text-align-left stk-block-blockquote__content stk-container stk-8339d85-container stk--no-background stk--no-padding\"><div class=\"stk-block-content stk-inner-blocks\"><div class=\"wp-block-stackable-icon stk-block-icon stk-block stk-3ce51f5\" data-block-id=\"3ce51f5\"><style>.stk-3ce51f5{left:-50px !important;position:absolute !important;opacity:0.2 !important}.stk-3ce51f5 .stk--svg-wrapper .stk--inner-svg svg:last-child{height:100px !important;width:100px !important}.stk-3ce51f5 .stk--svg-wrapper .stk--inner-svg svg:last-child,.stk-3ce51f5 .stk--svg-wrapper .stk--inner-svg svg:last-child :is(g,path,rect,polygon,ellipse){fill:var(--theme-palette-color-1,#088fa8) !important}@media screen and (max-width:767px){.stk-3ce51f5{left:0px !important}}<\/style><span class=\"stk--svg-wrapper\"><div class=\"stk--inner-svg\"><svg style=\"height:0;width:0\"><defs><linearGradient id=\"linear-gradient-3ce51f5\" x1=\"0\" x2=\"100%\" y1=\"0\" y2=\"0\"><stop offset=\"0%\" style=\"stop-opacity:1;stop-color:var(--linear-gradient-3-ce-51-f-5-color-1)\"><\/stop><stop offset=\"100%\" style=\"stop-opacity:1;stop-color:var(--linear-gradient-3-ce-51-f-5-color-2)\"><\/stop><\/linearGradient><\/defs><\/svg><svg xmlns=\"http:\/\/www.w3.org\/2000\/svg\" viewBox=\"0 0 50 50\" aria-hidden=\"true\" width=\"32\" height=\"32\"><path d=\"M22.3 30.5c0 6-4.8 10.8-10.8 10.8-2.3 0-4.5-.8-6.3-2-.9-.6-1.8-1.4-2.5-2.4-1.8-2.4-2.7-5.4-2.7-9 0-4.5 1.3-8.5 4-11.9 2.7-3.4 6.4-5.8 11.1-7.3v2.8c-2.7 2.2-4.4 5-4.9 8.3.4-.1.9-.1 1.3-.1 6-.1 10.8 4.8 10.8 10.8zm16.9-10.9c-.5 0-.9 0-1.3.1.5-3.3 2.2-6.1 4.9-8.3V8.7c-4.7 1.4-8.4 3.9-11.1 7.3-2.7 3.4-4 7.4-4 11.9 0 3.6.9 6.6 2.7 9 .8 1 1.6 1.8 2.5 2.4 1.8 1.3 3.9 2 6.3 2 6 0 10.8-4.8 10.8-10.8 0-6-4.8-10.9-10.8-10.9z\"><\/path><\/svg><\/div><\/span><\/div>\n\n<div class=\"wp-block-stackable-text stk-block-text stk-block stk-1c8d967\" data-block-id=\"1c8d967\"><style>.stk-1c8d967 .stk-block-text__text{font-size:25px !important}@media screen and (max-width:1023px){.stk-1c8d967 .stk-block-text__text{font-size:25px !important}}<\/style><p class=\"stk-block-text__text\"><strong><span style=\"color: var(--theme-palette-color-1, #088fa8);\" class=\"stk-highlight\"><strong><span style=\"color: var(--theme-palette-color-1, #088fa8);\" class=\"stk-highlight\">El uso prolongado de medicamentos inhibidores de la bomba de protones, a menudo prescritos como terapia cl\u00e1sica, puede no resolver la causa del reflujo y conllevar efectos secundarios en la digesti\u00f3n, limitando la absorci\u00f3n de sustancias \u00fatiles.<\/span><\/strong><\/span><\/strong><\/p><\/div><\/div><\/div><\/blockquote><div style=\"height:20px\" aria-hidden=\"true\" class=\"wp-block-spacer\"><\/div><style>.kadence-column18748_c198c8-01 > .kt-inside-inner-col,.kadence-column18748_c198c8-01 > .kt-inside-inner-col:before{border-top-left-radius:30px;border-top-right-radius:30px;border-bottom-right-radius:30px;border-bottom-left-radius:30px;}.kadence-column18748_c198c8-01 > .kt-inside-inner-col{background-color:#ebebeb;}.kadence-column18748_c198c8-01 > .kt-inside-inner-col:before{opacity:0.3;}.kadence-column18748_c198c8-01{position:relative;}<\/style>\n<div class=\"wp-block-kadence-column kadence-column18748_c198c8-01 kadence-column_33b0ff-ad\"><div class=\"kt-inside-inner-col\"><style>.kb-row-layout-wrap.wp-block-kadence-rowlayout.kb-row-layout-id18748_613033-b4{margin-top:0px;margin-bottom:0px;}.kb-row-layout-id18748_613033-b4 > .kt-row-column-wrap{align-content:center;}:where(.kb-row-layout-id18748_613033-b4 > .kt-row-column-wrap) > .wp-block-kadence-column{justify-content:center;}.kb-row-layout-id18748_613033-b4 > .kt-row-column-wrap{column-gap:var(--global-kb-gap-md, 2rem);row-gap:var(--global-kb-gap-md, 2rem);padding-top:0px;padding-bottom:10px;padding-left:250px;grid-template-columns:minmax(0, 80%) minmax(0, 20%);}.kb-row-layout-id18748_613033-b4{background-image:url('https:\/\/www.geklab.com\/wp-content\/uploads\/2022\/06\/slider4-copia-1.png');background-size:contain;background-position:3% 100%;background-attachment:scroll;background-repeat:no-repeat;}.kb-row-layout-id18748_613033-b4 > .kt-row-layout-overlay{opacity:0.30;}.kb-row-layout-id18748_613033-b4 .kt-row-layout-bottom-sep{height:100px;}.kb-row-layout-id18748_613033-b4 .kt-row-layout-bottom-sep svg{width:100%;}.kb-row-layout-id18748_613033-b4 .kt-row-layout-bottom-sep svg{fill:#ffffff!important;}@media all and (max-width: 1024px){.kb-row-layout-id18748_613033-b4 > .kt-row-column-wrap{padding-right:0px;padding-left:45px;grid-template-columns:minmax(0, 2fr) minmax(0, 1fr);}}@media all and (max-width: 1024px){.kb-row-layout-id18748_613033-b4{background-image:none !important;}}@media all and (max-width: 1024px){.kb-row-layout-id18748_613033-b4 [id*=\"jarallax-container-\"]{display:none !important;}}@media all and (max-width: 1024px){.kb-row-layout-id18748_613033-b4 .kt-row-layout-bottom-sep{height:px;}}@media all and (max-width: 1024px){.kb-row-layout-id18748_613033-b4 .kt-row-layout-bottom-sep svg{width:%;}}@media all and (max-width: 767px){.kb-row-layout-id18748_613033-b4 > .kt-row-column-wrap{column-gap:var(--global-kb-gap-none, 0 );row-gap:var(--global-kb-gap-none, 0 );padding-top:30px;padding-right:20px;padding-bottom:20px;padding-left:20px;grid-template-columns:minmax(0, 1fr);}.kb-row-layout-wrap.wp-block-kadence-rowlayout.kb-row-layout-id18748_613033-b4{background-image:none !important;}.kb-row-layout-id18748_613033-b4 [id*=\"jarallax-container-\"]{display:none !important;}.kb-row-layout-id18748_613033-b4 > .kt-row-layout-overlay{opacity:0.30;background-image:url('https:\/\/www.geklab.com\/wp-content\/uploads\/2022\/09\/copertina.png');background-size:contain;background-position:right bottom;background-attachment:fixed;background-repeat:no-repeat;}.kb-row-layout-id18748_613033-b4 .kt-row-layout-bottom-sep{height:px;}.kb-row-layout-id18748_613033-b4 .kt-row-layout-bottom-sep svg{width:%;}}<\/style><div class=\"kb-row-layout-wrap kb-row-layout-id18748_613033-b4 alignnone kt-row-has-bg wp-block-kadence-rowlayout\"><div class=\"kt-row-layout-overlay kt-row-overlay-normal\"><\/div><div class=\"kt-row-column-wrap kt-has-2-columns kt-row-layout-equal kt-tab-layout-left-golden kt-mobile-layout-row kt-row-valign-middle\">\n<style>.kadence-column18748_8a31b4-83 > .kt-inside-inner-col,.kadence-column18748_8a31b4-83 > .kt-inside-inner-col:before{border-top-left-radius:0px;border-top-right-radius:0px;border-bottom-right-radius:0px;border-bottom-left-radius:0px;}.kadence-column18748_8a31b4-83 > .kt-inside-inner-col:before{opacity:0.3;}.kadence-column18748_8a31b4-83{position:relative;}@media all and (max-width: 767px){.kadence-column18748_8a31b4-83{text-align:center;}}<\/style>\n<div class=\"wp-block-kadence-column kadence-column18748_8a31b4-83 inner-column-1\"><div class=\"kt-inside-inner-col\"><div style=\"height:15px\" aria-hidden=\"true\" class=\"wp-block-spacer\"><\/div>\n\n<div class=\"wp-block-stackable-image stk-block-image has-text-align-left has-text-align-center-mobile stk-block stk-1fd7d15 alignleft\" data-block-id=\"1fd7d15\"><style>.stk-1fd7d15 .stk-img-wrapper{height:50px !important}.stk-1fd7d15 .stk-img-wrapper img{object-position:0% 50% !important;object-fit:contain !important}@media screen and (max-width:767px){.stk-1fd7d15{padding-right:60px !important;padding-left:60px !important}.stk-1fd7d15 .stk-img-wrapper img{object-fit:contain !important}}<\/style><a class=\"stk-link\" href=\"\/perme-test\/\"><div class=\"stk-img-wrapper stk-image--shape-stretch\"><img loading=\"lazy\" decoding=\"async\" class=\"stk-img wp-image-19755\" src=\"https:\/\/www.geklab.com\/wp-content\/uploads\/2025\/02\/PerMe_medical_program.webp\" width=\"1576\" height=\"418\" srcset=\"https:\/\/www.geklab.com\/wp-content\/uploads\/2025\/02\/PerMe_medical_program.webp 1576w, https:\/\/www.geklab.com\/wp-content\/uploads\/2025\/02\/PerMe_medical_program-300x80.webp 300w, https:\/\/www.geklab.com\/wp-content\/uploads\/2025\/02\/PerMe_medical_program-1024x272.webp 1024w, https:\/\/www.geklab.com\/wp-content\/uploads\/2025\/02\/PerMe_medical_program-768x204.webp 768w, https:\/\/www.geklab.com\/wp-content\/uploads\/2025\/02\/PerMe_medical_program-1536x407.webp 1536w, https:\/\/www.geklab.com\/wp-content\/uploads\/2025\/02\/PerMe_medical_program-600x159.webp 600w\" sizes=\"auto, (max-width: 1576px) 100vw, 1576px\" \/><\/div><\/a><\/div>\n\n<div style=\"height:1px\" aria-hidden=\"true\" class=\"wp-block-spacer\"><\/div>\n\n<p>Per affronPara abordar el <strong>reflujo gastroesof\u00e1gico<\/strong>, GEK Lab sugiere realizar un<strong> PerM\u00e8<\/strong> <strong>Medical Program<\/strong><\/p><\/div><\/div>\n\n<style>.kadence-column18748_75434e-23 > .kt-inside-inner-col,.kadence-column18748_75434e-23 > .kt-inside-inner-col:before{border-top-left-radius:0px;border-top-right-radius:0px;border-bottom-right-radius:0px;border-bottom-left-radius:0px;}.kadence-column18748_75434e-23 > .kt-inside-inner-col:before{opacity:0.3;}.kadence-column18748_75434e-23{text-align:center;}.kadence-column18748_75434e-23{position:relative;}<\/style>\n<div class=\"wp-block-kadence-column kadence-column18748_75434e-23\"><div class=\"kt-inside-inner-col\"><div class=\"wp-block-stackable-image stk-block-image has-text-align-center stk-block stk-af48962\" data-block-id=\"af48962\"><style>.stk-af48962{margin-bottom:0px !important}.stk-af48962 .stk-img-wrapper{width:150px !important}<\/style><figure><div class=\"stk-img-wrapper stk-image--shape-stretch\"><img loading=\"lazy\" decoding=\"async\" class=\"stk-img wp-image-19908\" src=\"https:\/\/www.geklab.com\/wp-content\/uploads\/2025\/02\/perme-eps-scaled.webp\" width=\"2560\" height=\"2560\" srcset=\"https:\/\/www.geklab.com\/wp-content\/uploads\/2025\/02\/perme-eps-scaled.webp 2560w, https:\/\/www.geklab.com\/wp-content\/uploads\/2025\/02\/perme-eps-300x300.webp 300w, https:\/\/www.geklab.com\/wp-content\/uploads\/2025\/02\/perme-eps-1024x1024.webp 1024w, https:\/\/www.geklab.com\/wp-content\/uploads\/2025\/02\/perme-eps-150x150.webp 150w, https:\/\/www.geklab.com\/wp-content\/uploads\/2025\/02\/perme-eps-768x768.webp 768w, https:\/\/www.geklab.com\/wp-content\/uploads\/2025\/02\/perme-eps-1536x1536.webp 1536w, https:\/\/www.geklab.com\/wp-content\/uploads\/2025\/02\/perme-eps-2048x2048.webp 2048w, https:\/\/www.geklab.com\/wp-content\/uploads\/2025\/02\/perme-eps-64x64.webp 64w, https:\/\/www.geklab.com\/wp-content\/uploads\/2025\/02\/perme-eps-600x600.webp 600w, https:\/\/www.geklab.com\/wp-content\/uploads\/2025\/02\/perme-eps-100x100.webp 100w\" sizes=\"auto, (max-width: 2560px) 100vw, 2560px\" \/><\/div><\/figure><\/div>\n\n<div class=\"wp-block-stackable-button-group stk-block-button-group stk-block stk-5c8f60c\" data-block-id=\"5c8f60c\"><style>.stk-5c8f60c{padding-top:0px !important;padding-right:0px !important;padding-bottom:0px !important;padding-left:0px !important;margin-bottom:0px !important}<\/style><div class=\"stk-row stk-inner-blocks has-text-align-center stk-block-content stk-button-group\"><div class=\"wp-block-stackable-button stk-block-button has-text-align-center stk-block stk-0b72e9d\" data-block-id=\"0b72e9d\"><style>.stk-0b72e9d{margin-top:0px !important;margin-right:0px !important;margin-bottom:0px !important;margin-left:0px !important}<\/style><a class=\"stk-link stk-button stk--hover-effect-darken\" href=\"https:\/\/www.geklab.com\/es\/perme-medical-program\/\"><span class=\"stk-button__inner-text\">Saber m\u00e1s<\/span><\/a><\/div><\/div><\/div><\/div><\/div>\n<\/div><\/div><\/div><\/div><style>.kb-row-layout-id18748_79eccc-0e > .kt-row-column-wrap{align-content:start;}:where(.kb-row-layout-id18748_79eccc-0e > .kt-row-column-wrap) > .wp-block-kadence-column{justify-content:start;}.kb-row-layout-id18748_79eccc-0e > .kt-row-column-wrap{column-gap:var(--global-kb-gap-md, 2rem);row-gap:var(--global-kb-gap-md, 2rem);padding-top:var(--global-kb-spacing-sm, 1.5rem);padding-bottom:var(--global-kb-spacing-sm, 1.5rem);grid-template-columns:minmax(0, 1fr);}.kb-row-layout-id18748_79eccc-0e > .kt-row-layout-overlay{opacity:0.30;}@media all and (max-width: 1024px){.kb-row-layout-id18748_79eccc-0e > .kt-row-column-wrap{grid-template-columns:minmax(0, 1fr);}}@media all and (max-width: 767px){.kb-row-layout-id18748_79eccc-0e > .kt-row-column-wrap{grid-template-columns:minmax(0, 1fr);}}<\/style><div class=\"kb-row-layout-wrap kb-row-layout-id18748_79eccc-0e alignnone wp-block-kadence-rowlayout\"><div class=\"kt-row-column-wrap kt-has-1-columns kt-row-layout-equal kt-tab-layout-inherit kt-mobile-layout-row kt-row-valign-top\">\n<style>.kadence-column18748_457518-19 > .kt-inside-inner-col,.kadence-column18748_457518-19 > .kt-inside-inner-col:before{border-top-left-radius:0px;border-top-right-radius:0px;border-bottom-right-radius:0px;border-bottom-left-radius:0px;}.kadence-column18748_457518-19 > .kt-inside-inner-col:before{opacity:0.3;}.kadence-column18748_457518-19{position:relative;}<\/style>\n<div class=\"wp-block-kadence-column kadence-column18748_457518-19 inner-column-1\"><div class=\"kt-inside-inner-col\"><div class=\"wp-block-stackable-heading stk-block-heading stk-block-heading--v2 stk-block stk-d7f9cb6\" id=\"causas-generales\" data-block-id=\"d7f9cb6\"><style>.stk-d7f9cb6{margin-bottom:15px !important}<\/style><h2 class=\"stk-block-heading__text\"><strong>Causas generales del reflujo gastroesof\u00e1gico<\/strong><\/h2><\/div>\n\n<p>Las causas generales del reflujo gastroesof\u00e1gico no siempre son conocidas, aunque en algunos casos se observa, mediante endoscopia, <strong>inflamaci\u00f3n del es\u00f3fago<\/strong>. En cualquier caso, la subida de material g\u00e1strico al es\u00f3fago, debido al pH \u00e1cido y a la bilis, puede causar da\u00f1os significativos a las c\u00e9lulas del es\u00f3fago, con consecuencias incluso graves para la salud.<\/p>\n\n<p>El uso prolongado de <strong>medicamentos inhibidores de la bomba de protones<\/strong>, a menudo prescritos como terapia cl\u00e1sica, puede no resolver la causa del reflujo y conllevar efectos secundarios en la digesti\u00f3n, limitando la absorci\u00f3n de sustancias \u00fatiles. Las prote\u00ednas que, por ejemplo, se digieren gracias a la acci\u00f3n de la acidez g\u00e1strica, se absorben con dificultad, lo que facilita, en quienes toman protectores g\u00e1stricos, la absorci\u00f3n predominante de carbohidratos.<\/p>\n\n<div class=\"wp-block-stackable-heading stk-block-heading stk-block-heading--v2 stk-block stk-bdc8024\" id=\"hernia-hiatal\" data-block-id=\"bdc8024\"><h2 class=\"stk-block-heading__text\"><strong>Reflujo por hernia hiatal<\/strong><\/h2><\/div>\n\n<p>La hernia hiatal es una condici\u00f3n parafisiol\u00f3gica muy com\u00fan, y a menudo no representa un verdadero problema de salud. Se produce cuando una parte del tracto digestivo, en particular el est\u00f3mago, se desliza a trav\u00e9s de la abertura del diafragma que conecta la cavidad tor\u00e1cica con la abdominal.<\/p>\n\n<p>Esta condici\u00f3n puede comprometer la eficacia de la v\u00e1lvula que separa el es\u00f3fago del est\u00f3mago, facilitando as\u00ed la aparici\u00f3n de s\u00edntomas molestos como el reflujo. Sin embargo, la hernia hiatal es generalmente asintom\u00e1tica, a menos que haya una inflamaci\u00f3n concomitante del est\u00f3mago o del es\u00f3fago. Intervenir en la inflamaci\u00f3n alimentaria a trav\u00e9s de una correcta dieta de rotaci\u00f3n semanal es la mejor manera de controlar la situaci\u00f3n<\/p>\n\n<div class=\"wp-block-stackable-heading stk-block-heading stk-block-heading--v2 stk-block stk-27acf9a\" id=\"causas-psicosomaticas\" data-block-id=\"27acf9a\"><style>.stk-27acf9a{margin-bottom:15px !important}<\/style><h2 class=\"stk-block-heading__text\"><strong>Causas psicosom\u00e1ticas<\/strong><\/h2><\/div>\n\n<p>Los estudios cient\u00edficos demuestran una fuerte correlaci\u00f3n entre los s\u00edntomas de <strong>ansiedad o depresi\u00f3n<\/strong> y el desarrollo de reflujo gastroesof\u00e1gico. La depresi\u00f3n aumenta el riesgo de desarrollar la condici\u00f3n en 1,7 veces, mientras que la ansiedad lo incrementa hasta en 3,2 veces.<\/p>\n\n<p>Esto confirma la importancia, para quienes lo padecen, de considerar terapias naturales y realizar cambios significativos en el estilo de vida y la alimentaci\u00f3n, en lugar de hacer un uso excesivo de medicamentos con posibles efectos secundarios<\/p>\n\n<div class=\"wp-block-stackable-heading stk-block-heading stk-block-heading--v2 stk-block stk-a3a36ec\" id=\"esofagitis-eosinofilica\" data-block-id=\"a3a36ec\"><style>.stk-a3a36ec{margin-bottom:16px !important}<\/style><h2 class=\"stk-block-heading__text\"><strong>Esofagitis eosinof\u00edlica<\/strong><\/h2><\/div>\n\n<p id=\"approccio\">La esofagitis eosinof\u00edlica es una enfermedad cr\u00f3nica del es\u00f3fago, originada por una <strong>respuesta inmunitaria inflamatoria<\/strong>, tambi\u00e9n inducida por al\u00e9rgenos alimentarios. Aunque se manifiesta con s\u00edntomas similares al reflujo gastroesof\u00e1gico, sus ra\u00edces y causas son completamente distintas. De hecho, es provocada por una inflamaci\u00f3n en la que los eosin\u00f3filos, un tipo particular de gl\u00f3bulos blancos, juegan un papel predominante. Su concentraci\u00f3n a menudo aumenta en presencia de trastornos intestinales como parasitosis o inflamaciones causadas por alimentos, terminando por originar una condici\u00f3n cr\u00f3nica con s\u00edntomas id\u00e9nticos a los de la ERGE, que sin embargo requiere tratamientos completamente diferentes<\/p>\n\n<div class=\"wp-block-stackable-heading stk-block-heading stk-block-heading--v2 stk-block stk-a4fa795\" id=\"enfoque-terapeutico\" data-block-id=\"a4fa795\"><style>.stk-a4fa795{margin-bottom:15px !important}<\/style><h2 class=\"stk-block-heading__text\"><strong>Enfoque<span style=\"color: var(--theme-text-color); font-family: var(--theme-font-family); font-size: var(--theme-font-size); font-style: var(--theme-font-style, inherit); letter-spacing: var(--theme-letter-spacing); text-transform: var(--theme-text-transform); text-decoration: var(--theme-text-decoration);\"> <\/span>terap\u00e9utico<\/strong><\/h2><\/div>\n\n<p>El primer paso en el tratamiento del reflujo gastroesof\u00e1gico siempre debe ser un <strong>cambio en los h\u00e1bitos alimentarios<\/strong> y en el estilo de vida. El sobrepeso, la obesidad y una dieta desequilibrada est\u00e1n, de hecho, a menudo asociados con el reflujo.<\/p>\n\n<p><strong>Masticar lentamente<\/strong> y sin prisa es sin duda el primer consejo nutricional: cuando llegan al est\u00f3mago trozos de comida que no han sido suficientemente masticados, se desencadenan respuestas inmunol\u00f3gicas que facilitan la aparici\u00f3n de inflamaci\u00f3n causada por los alimentos.<\/p>\n\n<p>Limitar el consumo de <strong>chicle<\/strong>s, optar por una <strong>cena ligera<\/strong> y consumir <strong>zanahorias y col fresca<\/strong>, que tienen un efecto suavizante y cicatrizante sobre las mucosas del est\u00f3mago y el es\u00f3fago, son consejos simples que pueden tener un efecto positivo sobre el reflujo.<\/p>\n\n<p>Sin embargo, para los casos persistentes, se requiere un enfoque m\u00e1s estrat\u00e9gico, orientado a <strong>reducir la inflamaci\u00f3n causada por alimentos y az\u00facares<\/strong>.<\/p>\n\n<p>Esto se puede hacer realizando un <strong><a href=\"https:\/\/www.geklab.com\/es\/perme-medical-program\/\">PerM\u00e8 Medical Program<\/a><\/strong>, para evaluar si hay alimentos frente a los cuales nuestro organismo ha desarrollado una inflamaci\u00f3n espec\u00edfica. El <strong>informe asociado al producto<\/strong> contendr\u00e1 consejos \u00fatiles para establecer un r\u00e9gimen alimentario personalizado que reduzca dicha inflamaci\u00f3n y, con ella, los s\u00edntomas, incluso en el caso de reflujo por hernia hiatal.<\/p>\n\n<p>El enfoque tambi\u00e9n se ha demostrado eficaz, en la pr\u00e1ctica cl\u00ednica, para la <strong>esofagitis eosinof\u00edlica<\/strong>. Las investigaciones m\u00e1s recientes han documentado que el tratamiento de la esofagitis eosinof\u00edlica es principalmente diet\u00e9tico y nutricional, y que la elecci\u00f3n de los alimentos para la dieta (de rotaci\u00f3n y nunca de exclusi\u00f3n) depende de caracter\u00edsticas individuales. Tambi\u00e9n en este caso, la dieta solo puede definirse despu\u00e9s de haber establecido el perfil alimentario individual y medido el nivel de inflamaci\u00f3n por alimentos en el organismo.<\/p>\n\n<p><strong>Conclusi\u00f3n<\/strong><\/p>\n\n<p>Los s\u00edntomas del reflujo gastroesof\u00e1gico pueden presentarse de diversas formas y, a veces, pueden ocultar condiciones m\u00e1s graves. Por lo tanto, siempre es esencial consultar a un m\u00e9dico. Las modificaciones en la alimentaci\u00f3n y el estilo de vida, junto con una gesti\u00f3n cuidadosa, pueden llevar a una resoluci\u00f3n completa de los s\u00edntomas<\/p>\n\n<p><em><em>Cuidado de la&nbsp;<a href=\"https:\/\/www.geklab.com\/es\/la-redaccion-cientifica\/\">Redacci\u00f3n Cient\u00edfica GEK Lab<\/a><\/em><\/em><\/p>\n\n<div class=\"wp-block-stackable-heading stk-block-heading stk-block-heading--v2 stk-block stk-11692d3\" id=\"articulos-relacionados\" data-block-id=\"11692d3\"><style>.stk-11692d3 .stk-block-heading__text{font-size:30px !important}@media screen and (max-width:1023px){.stk-11692d3 .stk-block-heading__text{font-size:30px !important}}<\/style><h3 class=\"stk-block-heading__text has-text-align-center\">Art\u00edculos relacionados<\/h3><\/div>\n\n<div class=\"wp-block-uagb-post-grid uagb-post-grid  uagb-post__image-position-top uagb-post__image-enabled uagb-block-ea6d35cb     uagb-post__items uagb-post__columns-3 is-grid uagb-post__columns-tablet-2 uagb-post__columns-mobile-1 uagb-post__equal-height\" data-total=\"13\" style=\"\">\n\n\t\t\t\t\t\t\t\t\t\t\t\t<article class=\"uagb-post__inner-wrap\">\t\t\t\t\t\t\t\t<div class='uagb-post__image'>\n\t\t\t\t\t\t\t\t\t<a href=\"https:\/\/www.geklab.com\/es\/crohn\/\" target=\"_self\" rel=\"bookmark noopener noreferrer\" class='uagb-image-ratio-inherit'><img loading=\"lazy\" decoding=\"async\" width=\"758\" height=\"500\" src=\"https:\/\/www.geklab.com\/wp-content\/uploads\/2025\/05\/Morbo-di-Crohn-l-alimentazione-puo-essere-d-aiuto_articleimage-4.jpg\" class=\"attachment-large size-large\" alt=\"\" srcset=\"https:\/\/www.geklab.com\/wp-content\/uploads\/2025\/05\/Morbo-di-Crohn-l-alimentazione-puo-essere-d-aiuto_articleimage-4.jpg 758w, https:\/\/www.geklab.com\/wp-content\/uploads\/2025\/05\/Morbo-di-Crohn-l-alimentazione-puo-essere-d-aiuto_articleimage-4-300x198.jpg 300w, https:\/\/www.geklab.com\/wp-content\/uploads\/2025\/05\/Morbo-di-Crohn-l-alimentazione-puo-essere-d-aiuto_articleimage-4-600x396.jpg 600w\" sizes=\"auto, (max-width: 758px) 100vw, 758px\" \/>\t\t\t\t\t<\/a>\n\t\t\t\t\t\t\t<\/div>\n\t\t\t\t\t\t<h5 class=\"uagb-post__title uagb-post__text\">\n\t\t\t\t<a href=\"https:\/\/www.geklab.com\/es\/crohn\/\" target=\"_self\" rel=\"bookmark noopener noreferrer\">Enfermedad de Crohn: cuando el intestino se inflama (y c\u00f3mo ayudarlo)<\/a>\n\t\t\t<\/h5>\n\t\t\t\t\t\t<div class='uagb-post__text uagb-post-grid-byline'>\n\t\t\t\t\t\t\t<\/div>\n\t\t\t\t\t\t\t<div class='uagb-post__text uagb-post__excerpt'>\n\t\t\t\t\tLa enfermedad de Crohn (tambi\u00e9n conocida por el nombre ya en desuso de Morbo de&#8230;\t\t\t\t<\/div>\n\t\t\t\t\t\t\t\t\t\t\t\t<\/article>\n\t\t\t\t\t\t\t\t\t\t\t\t\t\t\t\t<article class=\"uagb-post__inner-wrap\">\t\t\t\t\t\t\t\t<div class='uagb-post__image'>\n\t\t\t\t\t\t\t\t\t<a href=\"https:\/\/www.geklab.com\/es\/prueba-de-traje-de-bano\/\" target=\"_self\" rel=\"bookmark noopener noreferrer\" class='uagb-image-ratio-inherit'><img loading=\"lazy\" decoding=\"async\" width=\"753\" height=\"500\" src=\"https:\/\/www.geklab.com\/wp-content\/uploads\/2024\/06\/Prepararsi-alla-prova-costume_articleimage-4.jpg\" class=\"attachment-large size-large\" alt=\"\" srcset=\"https:\/\/www.geklab.com\/wp-content\/uploads\/2024\/06\/Prepararsi-alla-prova-costume_articleimage-4.jpg 753w, https:\/\/www.geklab.com\/wp-content\/uploads\/2024\/06\/Prepararsi-alla-prova-costume_articleimage-4-300x199.jpg 300w, https:\/\/www.geklab.com\/wp-content\/uploads\/2024\/06\/Prepararsi-alla-prova-costume_articleimage-4-600x398.jpg 600w\" sizes=\"auto, (max-width: 753px) 100vw, 753px\" \/>\t\t\t\t\t<\/a>\n\t\t\t\t\t\t\t<\/div>\n\t\t\t\t\t\t<h5 class=\"uagb-post__title uagb-post__text\">\n\t\t\t\t<a href=\"https:\/\/www.geklab.com\/es\/prueba-de-traje-de-bano\/\" target=\"_self\" rel=\"bookmark noopener noreferrer\">Prueba de traje de ba\u00f1o: estrategias para una p\u00e9rdida de peso saludable y eficaz<\/a>\n\t\t\t<\/h5>\n\t\t\t\t\t\t<div class='uagb-post__text uagb-post-grid-byline'>\n\t\t\t\t\t\t\t<\/div>\n\t\t\t\t\t\t\t<div class='uagb-post__text uagb-post__excerpt'>\n\t\t\t\t\tCon l&#8217;arrivo dell&#8217;estate, molte persone iniziano a pensare alla temuta &#8220;prova costume&#8221;. Questo periodo dell&#8217;anno&#8230;\t\t\t\t<\/div>\n\t\t\t\t\t\t\t\t\t\t\t\t<\/article>\n\t\t\t\t\t\t\t\t\t\t\t\t\t\t\t\t<article class=\"uagb-post__inner-wrap\">\t\t\t\t\t\t\t\t<div class='uagb-post__image'>\n\t\t\t\t\t\t\t\t\t<a href=\"https:\/\/www.geklab.com\/es\/depresion-alimentacion-y-metabolismo\/\" target=\"_self\" rel=\"bookmark noopener noreferrer\" class='uagb-image-ratio-inherit'><img loading=\"lazy\" decoding=\"async\" width=\"753\" height=\"500\" src=\"https:\/\/www.geklab.com\/wp-content\/uploads\/2025\/04\/Depressione-come-affrontarla-naturalmente_articleimage-5.jpg\" class=\"attachment-large size-large\" alt=\"\" srcset=\"https:\/\/www.geklab.com\/wp-content\/uploads\/2025\/04\/Depressione-come-affrontarla-naturalmente_articleimage-5.jpg 753w, https:\/\/www.geklab.com\/wp-content\/uploads\/2025\/04\/Depressione-come-affrontarla-naturalmente_articleimage-5-300x199.jpg 300w, https:\/\/www.geklab.com\/wp-content\/uploads\/2025\/04\/Depressione-come-affrontarla-naturalmente_articleimage-5-600x398.jpg 600w\" sizes=\"auto, (max-width: 753px) 100vw, 753px\" \/>\t\t\t\t\t<\/a>\n\t\t\t\t\t\t\t<\/div>\n\t\t\t\t\t\t<h5 class=\"uagb-post__title uagb-post__text\">\n\t\t\t\t<a href=\"https:\/\/www.geklab.com\/es\/depresion-alimentacion-y-metabolismo\/\" target=\"_self\" rel=\"bookmark noopener noreferrer\">Depresi\u00f3n, alimentaci\u00f3n y metabolismo: comprender sus v\u00ednculos y posibles soluciones.<\/a>\n\t\t\t<\/h5>\n\t\t\t\t\t\t<div class='uagb-post__text uagb-post-grid-byline'>\n\t\t\t\t\t\t\t<\/div>\n\t\t\t\t\t\t\t<div class='uagb-post__text uagb-post__excerpt'>\n\t\t\t\t\tLe stime indicano che pi\u00f9 di 3 milioni di italiani convivono con sintomi depressivi, e&#8230;\t\t\t\t<\/div>\n\t\t\t\t\t\t\t\t\t\t\t\t<\/article>\n\t\t\t\t\t\t\t\t\t\t\t<\/div><\/div><\/div>\n<\/div><\/div>","protected":false},"excerpt":{"rendered":"<p>La sensaci\u00f3n de ardor detr\u00e1s del estern\u00f3n, la pesadez en el est\u00f3mago o el regurgito en la boca pueden indicar la presencia de una condici\u00f3n llamada Enfermedad por Reflujo Gastroesof\u00e1gico (o ERGE). Este trastorno no es en absoluto raro y afecta aproximadamente al 15% de la poblaci\u00f3n en los pa\u00edses industrializados.<\/p>\n","protected":false},"author":10,"featured_media":11180,"comment_status":"closed","ping_status":"closed","sticky":false,"template":"","format":"standard","meta":{"_uag_custom_page_level_css":"","footnotes":""},"categories":[307,4],"tags":[453,452,319,275,272,279,320],"class_list":["post-18748","post","type-post","status-publish","format-standard","has-post-thumbnail","hentry","category-enfermedades-sintomas","category-noticias-articulos","tag-asma-es","tag-dieta-personalizzata-es","tag-esofagitis-eosinofilica","tag-glicacion","tag-inflamacion","tag-perme-medical-program","tag-reflujo"],"blocksy_meta":{"styles_descriptor":{"styles":{"desktop":"","tablet":"","mobile":""},"google_fonts":[],"version":6}},"featured_image_urls":{"full":["https:\/\/www.geklab.com\/wp-content\/uploads\/2023\/11\/Con-l-autunno-sono-dolori-di-stomaco_articleimage.jpg",750,500,false],"thumbnail":["https:\/\/www.geklab.com\/wp-content\/uploads\/2023\/11\/Con-l-autunno-sono-dolori-di-stomaco_articleimage-150x150.jpg",150,150,true],"medium":["https:\/\/www.geklab.com\/wp-content\/uploads\/2023\/11\/Con-l-autunno-sono-dolori-di-stomaco_articleimage-300x200.jpg",300,200,true],"medium_large":["https:\/\/www.geklab.com\/wp-content\/uploads\/2023\/11\/Con-l-autunno-sono-dolori-di-stomaco_articleimage.jpg",750,500,false],"large":["https:\/\/www.geklab.com\/wp-content\/uploads\/2023\/11\/Con-l-autunno-sono-dolori-di-stomaco_articleimage.jpg",750,500,false],"1536x1536":["https:\/\/www.geklab.com\/wp-content\/uploads\/2023\/11\/Con-l-autunno-sono-dolori-di-stomaco_articleimage.jpg",750,500,false],"2048x2048":["https:\/\/www.geklab.com\/wp-content\/uploads\/2023\/11\/Con-l-autunno-sono-dolori-di-stomaco_articleimage.jpg",750,500,false],"xs-thumb":["https:\/\/www.geklab.com\/wp-content\/uploads\/2023\/11\/Con-l-autunno-sono-dolori-di-stomaco_articleimage.jpg",64,43,false],"woocommerce_archive_thumbnail":["https:\/\/www.geklab.com\/wp-content\/uploads\/2023\/11\/Con-l-autunno-sono-dolori-di-stomaco_articleimage-300x400.jpg",300,400,true],"woocommerce_thumbnail":["https:\/\/www.geklab.com\/wp-content\/uploads\/2023\/11\/Con-l-autunno-sono-dolori-di-stomaco_articleimage-300x400.jpg",300,400,true],"woocommerce_single":["https:\/\/www.geklab.com\/wp-content\/uploads\/2023\/11\/Con-l-autunno-sono-dolori-di-stomaco_articleimage-600x400.jpg",600,400,true],"woocommerce_gallery_thumbnail":["https:\/\/www.geklab.com\/wp-content\/uploads\/2023\/11\/Con-l-autunno-sono-dolori-di-stomaco_articleimage-100x100.jpg",50,50,true]},"post_excerpt_stackable":"<p>La sensaci\u00f3n de ardor detr\u00e1s del estern\u00f3n, la pesadez en el est\u00f3mago o el regurgito en la boca pueden indicar la presencia de una condici\u00f3n llamada Enfermedad por Reflujo Gastroesof\u00e1gico (o ERGE). Este trastorno no es en absoluto raro y afecta aproximadamente al 15% de la poblaci\u00f3n en los pa\u00edses industrializados.<\/p>\n","category_list":"<a href=\"https:\/\/www.geklab.com\/es\/categoria\/enfermedades-sintomas\/\" rel=\"category tag\">Enfermedades y Sintomas<\/a>, <a href=\"https:\/\/www.geklab.com\/es\/categoria\/noticias-articulos\/\" rel=\"category tag\">Noticias y Art\u00edculos<\/a>","author_info":{"name":"Eugenio Spagnolini","url":"https:\/\/www.geklab.com\/es\/author\/eugenio\/"},"comments_num":"0 comments","yoast_head":"<!-- This site is optimized with the Yoast SEO plugin v21.7 - https:\/\/yoast.com\/wordpress\/plugins\/seo\/ -->\n<title>Reflujo gastroesof\u00e1gico: s\u00edntomas, causas inflamatorias y terapia<\/title>\n<meta name=\"description\" content=\"El primer paso para tratar el reflujo gastroesof\u00e1gico debe ser cambiar los h\u00e1bitos alimentarios y el estilo de vida.\" \/>\n<meta name=\"robots\" content=\"index, follow, max-snippet:-1, max-image-preview:large, max-video-preview:-1\" \/>\n<link rel=\"canonical\" href=\"https:\/\/www.geklab.com\/es\/reflujo-gastroesofagico-sintomas-causas-inflamatorias-y-terapia\/\" \/>\n<meta property=\"og:locale\" content=\"es_ES\" \/>\n<meta property=\"og:type\" content=\"article\" \/>\n<meta property=\"og:title\" content=\"Reflujo gastroesof\u00e1gico: s\u00edntomas, causas inflamatorias y terapia\" \/>\n<meta property=\"og:description\" content=\"L&#039;uso prolungato di farmaci inibitori di pompa protonica, spesso prescritti come terapia classica, pu\u00f2 non risolvere la causa del reflusso e comportare effetti collaterali sulla digestione, limitando l\u2019assorbimento di sostanze utili.\" \/>\n<meta property=\"og:url\" content=\"https:\/\/www.geklab.com\/es\/reflujo-gastroesofagico-sintomas-causas-inflamatorias-y-terapia\/\" \/>\n<meta property=\"og:site_name\" content=\"GEK Lab\" \/>\n<meta property=\"article:publisher\" content=\"https:\/\/www.facebook.com\/geklab.official\" \/>\n<meta property=\"article:published_time\" content=\"2024-09-30T13:52:00+00:00\" \/>\n<meta property=\"article:modified_time\" content=\"2025-02-18T17:32:32+00:00\" \/>\n<meta property=\"og:image\" content=\"https:\/\/www.geklab.com\/wp-content\/uploads\/2023\/11\/Con-l-autunno-sono-dolori-di-stomaco_articleimage.jpg\" \/>\n\t<meta property=\"og:image:width\" content=\"750\" \/>\n\t<meta property=\"og:image:height\" content=\"500\" \/>\n\t<meta property=\"og:image:type\" content=\"image\/jpeg\" \/>\n<meta name=\"author\" content=\"Eugenio Spagnolini\" \/>\n<meta name=\"twitter:card\" content=\"summary_large_image\" \/>\n<meta name=\"twitter:label1\" content=\"Written by\" \/>\n\t<meta name=\"twitter:data1\" content=\"Eugenio Spagnolini\" \/>\n\t<meta name=\"twitter:label2\" content=\"Est. reading time\" \/>\n\t<meta name=\"twitter:data2\" content=\"6 minutes\" \/>\n<script type=\"application\/ld+json\" class=\"yoast-schema-graph\">{\"@context\":\"https:\/\/schema.org\",\"@graph\":[{\"@type\":\"Article\",\"@id\":\"https:\/\/www.geklab.com\/es\/reflujo-gastroesofagico-sintomas-causas-inflamatorias-y-terapia\/#article\",\"isPartOf\":{\"@id\":\"https:\/\/www.geklab.com\/es\/reflujo-gastroesofagico-sintomas-causas-inflamatorias-y-terapia\/\"},\"author\":{\"name\":\"Eugenio Spagnolini\",\"@id\":\"https:\/\/www.geklab.com\/#\/schema\/person\/e1adf7ed5f87cbfa6f7e001256e1dc5d\"},\"headline\":\"Reflujo gastroesof\u00e1gico: s\u00edntomas, causas inflamatorias y terapia\",\"datePublished\":\"2024-09-30T13:52:00+00:00\",\"dateModified\":\"2025-02-18T17:32:32+00:00\",\"mainEntityOfPage\":{\"@id\":\"https:\/\/www.geklab.com\/es\/reflujo-gastroesofagico-sintomas-causas-inflamatorias-y-terapia\/\"},\"wordCount\":1084,\"publisher\":{\"@id\":\"https:\/\/www.geklab.com\/#organization\"},\"keywords\":[\"Asma\",\"Dieta personalizzata\",\"Esofagitis eosinof\u00edlica\",\"Glicaci\u00f3n\",\"Inflamaci\u00f3n\",\"PerM\u00e8 Medical Program\",\"Reflujo\"],\"articleSection\":[\"Enfermedades y Sintomas\",\"Noticias y Art\u00edculos\"],\"inLanguage\":\"es-ES\"},{\"@type\":\"WebPage\",\"@id\":\"https:\/\/www.geklab.com\/es\/reflujo-gastroesofagico-sintomas-causas-inflamatorias-y-terapia\/\",\"url\":\"https:\/\/www.geklab.com\/es\/reflujo-gastroesofagico-sintomas-causas-inflamatorias-y-terapia\/\",\"name\":\"Reflujo gastroesof\u00e1gico: s\u00edntomas, causas inflamatorias y terapia\",\"isPartOf\":{\"@id\":\"https:\/\/www.geklab.com\/#website\"},\"datePublished\":\"2024-09-30T13:52:00+00:00\",\"dateModified\":\"2025-02-18T17:32:32+00:00\",\"description\":\"El primer paso para tratar el reflujo gastroesof\u00e1gico debe ser cambiar los h\u00e1bitos alimentarios y el estilo de vida.\",\"breadcrumb\":{\"@id\":\"https:\/\/www.geklab.com\/es\/reflujo-gastroesofagico-sintomas-causas-inflamatorias-y-terapia\/#breadcrumb\"},\"inLanguage\":\"es-ES\",\"potentialAction\":[{\"@type\":\"ReadAction\",\"target\":[\"https:\/\/www.geklab.com\/es\/reflujo-gastroesofagico-sintomas-causas-inflamatorias-y-terapia\/\"]}]},{\"@type\":\"BreadcrumbList\",\"@id\":\"https:\/\/www.geklab.com\/es\/reflujo-gastroesofagico-sintomas-causas-inflamatorias-y-terapia\/#breadcrumb\",\"itemListElement\":[{\"@type\":\"ListItem\",\"position\":1,\"name\":\"Home\",\"item\":\"https:\/\/www.geklab.com\/es\/\"},{\"@type\":\"ListItem\",\"position\":2,\"name\":\"Reflujo gastroesof\u00e1gico: s\u00edntomas, causas inflamatorias y terapia\"}]},{\"@type\":\"WebSite\",\"@id\":\"https:\/\/www.geklab.com\/#website\",\"url\":\"https:\/\/www.geklab.com\/\",\"name\":\"GEK Lab\",\"description\":\"Science of Nutrition\",\"publisher\":{\"@id\":\"https:\/\/www.geklab.com\/#organization\"},\"potentialAction\":[{\"@type\":\"SearchAction\",\"target\":{\"@type\":\"EntryPoint\",\"urlTemplate\":\"https:\/\/www.geklab.com\/?s={search_term_string}\"},\"query-input\":\"required name=search_term_string\"}],\"inLanguage\":\"es-ES\"},{\"@type\":\"Organization\",\"@id\":\"https:\/\/www.geklab.com\/#organization\",\"name\":\"GEK Lab\",\"url\":\"https:\/\/www.geklab.com\/\",\"logo\":{\"@type\":\"ImageObject\",\"inLanguage\":\"es-ES\",\"@id\":\"https:\/\/www.geklab.com\/#\/schema\/logo\/image\/\",\"url\":\"https:\/\/www.geklab.com\/wp-content\/uploads\/2025\/03\/gek-vertical.jpg\",\"contentUrl\":\"https:\/\/www.geklab.com\/wp-content\/uploads\/2025\/03\/gek-vertical.jpg\",\"width\":696,\"height\":696,\"caption\":\"GEK Lab\"},\"image\":{\"@id\":\"https:\/\/www.geklab.com\/#\/schema\/logo\/image\/\"},\"sameAs\":[\"https:\/\/www.facebook.com\/geklab.official\",\"https:\/\/www.instagram.com\/geklab.official\/\",\"https:\/\/www.linkedin.com\/company\/gek-srl\/\"]},{\"@type\":\"Person\",\"@id\":\"https:\/\/www.geklab.com\/#\/schema\/person\/e1adf7ed5f87cbfa6f7e001256e1dc5d\",\"name\":\"Eugenio Spagnolini\",\"image\":{\"@type\":\"ImageObject\",\"inLanguage\":\"es-ES\",\"@id\":\"https:\/\/www.geklab.com\/#\/schema\/person\/image\/\",\"url\":\"https:\/\/secure.gravatar.com\/avatar\/a0886b694b523d957024c318a9efca54?s=96&d=mm&r=g\",\"contentUrl\":\"https:\/\/secure.gravatar.com\/avatar\/a0886b694b523d957024c318a9efca54?s=96&d=mm&r=g\",\"caption\":\"Eugenio Spagnolini\"}}]}<\/script>\n<!-- \/ Yoast SEO plugin. -->","yoast_head_json":{"title":"Reflujo gastroesof\u00e1gico: s\u00edntomas, causas inflamatorias y terapia","description":"El primer paso para tratar el reflujo gastroesof\u00e1gico debe ser cambiar los h\u00e1bitos alimentarios y el estilo de vida.","robots":{"index":"index","follow":"follow","max-snippet":"max-snippet:-1","max-image-preview":"max-image-preview:large","max-video-preview":"max-video-preview:-1"},"canonical":"https:\/\/www.geklab.com\/es\/reflujo-gastroesofagico-sintomas-causas-inflamatorias-y-terapia\/","og_locale":"es_ES","og_type":"article","og_title":"Reflujo gastroesof\u00e1gico: s\u00edntomas, causas inflamatorias y terapia","og_description":"L'uso prolungato di farmaci inibitori di pompa protonica, spesso prescritti come terapia classica, pu\u00f2 non risolvere la causa del reflusso e comportare effetti collaterali sulla digestione, limitando l\u2019assorbimento di sostanze utili.","og_url":"https:\/\/www.geklab.com\/es\/reflujo-gastroesofagico-sintomas-causas-inflamatorias-y-terapia\/","og_site_name":"GEK Lab","article_publisher":"https:\/\/www.facebook.com\/geklab.official","article_published_time":"2024-09-30T13:52:00+00:00","article_modified_time":"2025-02-18T17:32:32+00:00","og_image":[{"width":750,"height":500,"url":"https:\/\/www.geklab.com\/wp-content\/uploads\/2023\/11\/Con-l-autunno-sono-dolori-di-stomaco_articleimage.jpg","type":"image\/jpeg"}],"author":"Eugenio Spagnolini","twitter_card":"summary_large_image","twitter_misc":{"Written by":"Eugenio Spagnolini","Est. reading time":"6 minutes"},"schema":{"@context":"https:\/\/schema.org","@graph":[{"@type":"Article","@id":"https:\/\/www.geklab.com\/es\/reflujo-gastroesofagico-sintomas-causas-inflamatorias-y-terapia\/#article","isPartOf":{"@id":"https:\/\/www.geklab.com\/es\/reflujo-gastroesofagico-sintomas-causas-inflamatorias-y-terapia\/"},"author":{"name":"Eugenio Spagnolini","@id":"https:\/\/www.geklab.com\/#\/schema\/person\/e1adf7ed5f87cbfa6f7e001256e1dc5d"},"headline":"Reflujo gastroesof\u00e1gico: s\u00edntomas, causas inflamatorias y terapia","datePublished":"2024-09-30T13:52:00+00:00","dateModified":"2025-02-18T17:32:32+00:00","mainEntityOfPage":{"@id":"https:\/\/www.geklab.com\/es\/reflujo-gastroesofagico-sintomas-causas-inflamatorias-y-terapia\/"},"wordCount":1084,"publisher":{"@id":"https:\/\/www.geklab.com\/#organization"},"keywords":["Asma","Dieta personalizzata","Esofagitis eosinof\u00edlica","Glicaci\u00f3n","Inflamaci\u00f3n","PerM\u00e8 Medical Program","Reflujo"],"articleSection":["Enfermedades y Sintomas","Noticias y Art\u00edculos"],"inLanguage":"es-ES"},{"@type":"WebPage","@id":"https:\/\/www.geklab.com\/es\/reflujo-gastroesofagico-sintomas-causas-inflamatorias-y-terapia\/","url":"https:\/\/www.geklab.com\/es\/reflujo-gastroesofagico-sintomas-causas-inflamatorias-y-terapia\/","name":"Reflujo gastroesof\u00e1gico: s\u00edntomas, causas inflamatorias y terapia","isPartOf":{"@id":"https:\/\/www.geklab.com\/#website"},"datePublished":"2024-09-30T13:52:00+00:00","dateModified":"2025-02-18T17:32:32+00:00","description":"El primer paso para tratar el reflujo gastroesof\u00e1gico debe ser cambiar los h\u00e1bitos alimentarios y el estilo de vida.","breadcrumb":{"@id":"https:\/\/www.geklab.com\/es\/reflujo-gastroesofagico-sintomas-causas-inflamatorias-y-terapia\/#breadcrumb"},"inLanguage":"es-ES","potentialAction":[{"@type":"ReadAction","target":["https:\/\/www.geklab.com\/es\/reflujo-gastroesofagico-sintomas-causas-inflamatorias-y-terapia\/"]}]},{"@type":"BreadcrumbList","@id":"https:\/\/www.geklab.com\/es\/reflujo-gastroesofagico-sintomas-causas-inflamatorias-y-terapia\/#breadcrumb","itemListElement":[{"@type":"ListItem","position":1,"name":"Home","item":"https:\/\/www.geklab.com\/es\/"},{"@type":"ListItem","position":2,"name":"Reflujo gastroesof\u00e1gico: s\u00edntomas, causas inflamatorias y terapia"}]},{"@type":"WebSite","@id":"https:\/\/www.geklab.com\/#website","url":"https:\/\/www.geklab.com\/","name":"GEK Lab","description":"Science of Nutrition","publisher":{"@id":"https:\/\/www.geklab.com\/#organization"},"potentialAction":[{"@type":"SearchAction","target":{"@type":"EntryPoint","urlTemplate":"https:\/\/www.geklab.com\/?s={search_term_string}"},"query-input":"required name=search_term_string"}],"inLanguage":"es-ES"},{"@type":"Organization","@id":"https:\/\/www.geklab.com\/#organization","name":"GEK Lab","url":"https:\/\/www.geklab.com\/","logo":{"@type":"ImageObject","inLanguage":"es-ES","@id":"https:\/\/www.geklab.com\/#\/schema\/logo\/image\/","url":"https:\/\/www.geklab.com\/wp-content\/uploads\/2025\/03\/gek-vertical.jpg","contentUrl":"https:\/\/www.geklab.com\/wp-content\/uploads\/2025\/03\/gek-vertical.jpg","width":696,"height":696,"caption":"GEK Lab"},"image":{"@id":"https:\/\/www.geklab.com\/#\/schema\/logo\/image\/"},"sameAs":["https:\/\/www.facebook.com\/geklab.official","https:\/\/www.instagram.com\/geklab.official\/","https:\/\/www.linkedin.com\/company\/gek-srl\/"]},{"@type":"Person","@id":"https:\/\/www.geklab.com\/#\/schema\/person\/e1adf7ed5f87cbfa6f7e001256e1dc5d","name":"Eugenio Spagnolini","image":{"@type":"ImageObject","inLanguage":"es-ES","@id":"https:\/\/www.geklab.com\/#\/schema\/person\/image\/","url":"https:\/\/secure.gravatar.com\/avatar\/a0886b694b523d957024c318a9efca54?s=96&d=mm&r=g","contentUrl":"https:\/\/secure.gravatar.com\/avatar\/a0886b694b523d957024c318a9efca54?s=96&d=mm&r=g","caption":"Eugenio Spagnolini"}}]}},"uagb_featured_image_src":{"full":["https:\/\/www.geklab.com\/wp-content\/uploads\/2023\/11\/Con-l-autunno-sono-dolori-di-stomaco_articleimage.jpg",750,500,false],"thumbnail":["https:\/\/www.geklab.com\/wp-content\/uploads\/2023\/11\/Con-l-autunno-sono-dolori-di-stomaco_articleimage-150x150.jpg",150,150,true],"medium":["https:\/\/www.geklab.com\/wp-content\/uploads\/2023\/11\/Con-l-autunno-sono-dolori-di-stomaco_articleimage-300x200.jpg",300,200,true],"medium_large":["https:\/\/www.geklab.com\/wp-content\/uploads\/2023\/11\/Con-l-autunno-sono-dolori-di-stomaco_articleimage.jpg",750,500,false],"large":["https:\/\/www.geklab.com\/wp-content\/uploads\/2023\/11\/Con-l-autunno-sono-dolori-di-stomaco_articleimage.jpg",750,500,false],"1536x1536":["https:\/\/www.geklab.com\/wp-content\/uploads\/2023\/11\/Con-l-autunno-sono-dolori-di-stomaco_articleimage.jpg",750,500,false],"2048x2048":["https:\/\/www.geklab.com\/wp-content\/uploads\/2023\/11\/Con-l-autunno-sono-dolori-di-stomaco_articleimage.jpg",750,500,false],"xs-thumb":["https:\/\/www.geklab.com\/wp-content\/uploads\/2023\/11\/Con-l-autunno-sono-dolori-di-stomaco_articleimage.jpg",64,43,false],"woocommerce_archive_thumbnail":["https:\/\/www.geklab.com\/wp-content\/uploads\/2023\/11\/Con-l-autunno-sono-dolori-di-stomaco_articleimage-300x400.jpg",300,400,true],"woocommerce_thumbnail":["https:\/\/www.geklab.com\/wp-content\/uploads\/2023\/11\/Con-l-autunno-sono-dolori-di-stomaco_articleimage-300x400.jpg",300,400,true],"woocommerce_single":["https:\/\/www.geklab.com\/wp-content\/uploads\/2023\/11\/Con-l-autunno-sono-dolori-di-stomaco_articleimage-600x400.jpg",600,400,true],"woocommerce_gallery_thumbnail":["https:\/\/www.geklab.com\/wp-content\/uploads\/2023\/11\/Con-l-autunno-sono-dolori-di-stomaco_articleimage-100x100.jpg",50,50,true]},"uagb_author_info":{"display_name":"Eugenio Spagnolini","author_link":"https:\/\/www.geklab.com\/es\/author\/eugenio\/"},"uagb_comment_info":0,"uagb_excerpt":"La sensaci\u00f3n de ardor detr\u00e1s del estern\u00f3n, la pesadez en el est\u00f3mago o el regurgito en la boca pueden indicar la presencia de una condici\u00f3n llamada Enfermedad por Reflujo Gastroesof\u00e1gico (o ERGE). Este trastorno no es en absoluto raro y afecta aproximadamente al 15% de la poblaci\u00f3n en los pa\u00edses industrializados.","_links":{"self":[{"href":"https:\/\/www.geklab.com\/es\/wp-json\/wp\/v2\/posts\/18748","targetHints":{"allow":["GET"]}}],"collection":[{"href":"https:\/\/www.geklab.com\/es\/wp-json\/wp\/v2\/posts"}],"about":[{"href":"https:\/\/www.geklab.com\/es\/wp-json\/wp\/v2\/types\/post"}],"author":[{"embeddable":true,"href":"https:\/\/www.geklab.com\/es\/wp-json\/wp\/v2\/users\/10"}],"replies":[{"embeddable":true,"href":"https:\/\/www.geklab.com\/es\/wp-json\/wp\/v2\/comments?post=18748"}],"version-history":[{"count":20,"href":"https:\/\/www.geklab.com\/es\/wp-json\/wp\/v2\/posts\/18748\/revisions"}],"predecessor-version":[{"id":20557,"href":"https:\/\/www.geklab.com\/es\/wp-json\/wp\/v2\/posts\/18748\/revisions\/20557"}],"wp:featuredmedia":[{"embeddable":true,"href":"https:\/\/www.geklab.com\/es\/wp-json\/wp\/v2\/media\/11180"}],"wp:attachment":[{"href":"https:\/\/www.geklab.com\/es\/wp-json\/wp\/v2\/media?parent=18748"}],"wp:term":[{"taxonomy":"category","embeddable":true,"href":"https:\/\/www.geklab.com\/es\/wp-json\/wp\/v2\/categories?post=18748"},{"taxonomy":"post_tag","embeddable":true,"href":"https:\/\/www.geklab.com\/es\/wp-json\/wp\/v2\/tags?post=18748"}],"curies":[{"name":"wp","href":"https:\/\/api.w.org\/{rel}","templated":true}]}}