{"id":18582,"date":"2020-04-09T15:42:00","date_gmt":"2020-04-09T14:42:00","guid":{"rendered":"https:\/\/www.geklab.com\/tutta-colpa-dell-infiammazione\/"},"modified":"2026-04-28T17:00:59","modified_gmt":"2026-04-28T16:00:59","slug":"y-si-fuera-toda-culpa-de-la-inflamacion","status":"publish","type":"post","link":"https:\/\/www.geklab.com\/es\/y-si-fuera-toda-culpa-de-la-inflamacion\/","title":{"rendered":"\u00bfY si fuera toda culpa de la inflamaci\u00f3n?"},"content":{"rendered":"<div class=\"wp-block-stackable-icon-list stk-block-icon-list stk-block stk-5849285\" data-block-id=\"5849285\"><style>.stk-5849285{column-count:2 !important}.stk-5849285 ul li{list-style-image:url('data:image\/svg+xml;base64,PHN2ZyB4bWxucz0iaHR0cDovL3d3dy53My5vcmcvMjAwMC9zdmciIHZpZXdCb3g9IjAgMCAxOTAgMTkwIiBzdHlsZT0iZmlsbDogIzAwMCAhaW1wb3J0YW50OyBjb2xvcjogIzAwMCAhaW1wb3J0YW50O3RyYW5zZm9ybTogcm90YXRlKGRlZykgIWltcG9ydGFudDsiPjxwb2x5Z29uIHBvaW50cz0iMTczLjgsMjguNCA2MC40LDE0MS44IDE1LjcsOTcuMiA1LjEsMTA3LjggNjAuNCwxNjMgMTg0LjQsMzkgMTczLjgsMjguNCIgZmlsbD0iIzAwMCIgc3Ryb2tlPSIjMDAwIiBzdHlsZT0iZmlsbDogcmdiKDAsIDAsIDApOyBzdHJva2U6IHJnYigwLCAwLCAwKTsiLz48L3N2Zz4=') !important}<\/style><ol><li><a href=\"#formas\">Las diferentes formas de inflamaci\u00f3n provocadas por los alimentos<\/a><\/li><li><a href=\"http:\/\/genes\">Los genes no son tu destino, pero conocerlos es \u00fatil<\/a><\/li><li><a href=\"#interacci\u00f3n\">Inflamaci\u00f3n y nutrici\u00f3n: una constante interacci\u00f3n entre salud y enfermedad<\/a><\/li><li><a href=\"#principios\">Principios nutricionales generales<\/a><\/li><\/ol><\/div><figure class=\"wp-block-image alignleft size-full is-resized\"><img loading=\"lazy\" decoding=\"async\" width=\"750\" height=\"500\" src=\"https:\/\/www.geklab.com\/wp-content\/uploads\/2024\/04\/Colesterolo-in-forse-sono-infiammazione-e-PAF-che-causano-la-maggior-parte-delle-malattie-croniche_articleimage-4.jpg\" alt=\"\" class=\"wp-image-13031\" style=\"width:532px;height:auto\" srcset=\"https:\/\/www.geklab.com\/wp-content\/uploads\/2024\/04\/Colesterolo-in-forse-sono-infiammazione-e-PAF-che-causano-la-maggior-parte-delle-malattie-croniche_articleimage-4.jpg 750w, https:\/\/www.geklab.com\/wp-content\/uploads\/2024\/04\/Colesterolo-in-forse-sono-infiammazione-e-PAF-che-causano-la-maggior-parte-delle-malattie-croniche_articleimage-4-300x200.jpg 300w, https:\/\/www.geklab.com\/wp-content\/uploads\/2024\/04\/Colesterolo-in-forse-sono-infiammazione-e-PAF-che-causano-la-maggior-parte-delle-malattie-croniche_articleimage-4-600x400.jpg 600w\" sizes=\"auto, (max-width: 750px) 100vw, 750px\" \/><\/figure><p>La inflamaci\u00f3n, un mecanismo biol\u00f3gico ancestral, desempe\u00f1a un papel crucial en nuestra salud y bienestar. Es <strong>un proceso fisiol\u00f3gico positivo<\/strong> en s\u00ed mismo, necesario para defender al organismo de agentes pat\u00f3genos e infecciones, y para reparar los tejidos da\u00f1ados.<\/p><p>La respuesta inflamatoria aguda que se observa tras un evento lesivo es fundamental para el proceso de curaci\u00f3n; sin embargo, para ser eficaz y no perjudicial, dicha respuesta debe ser de corta duraci\u00f3n. Si la acci\u00f3n de defensa no se resuelve en un breve periodo de tiempo, la inflamaci\u00f3n no &#8220;se apaga&#8221; y permanece como una <strong>condici\u00f3n cr\u00f3nica<\/strong>, da\u00f1ando al organismo.<\/p><p>M\u00faltiples factores como el consumo repetido de ciertos alimentos, el estr\u00e9s, la contaminaci\u00f3n, el tabaco, los desequilibrios alimentarios, las infecciones virales cr\u00f3nicas y el abuso de medicamentos pueden desencadenar o mantener un proceso inflamatorio, generando una <strong>condici\u00f3n de inflamaci\u00f3n cr\u00f3nica y persistente que est\u00e1 en la base de diversas patolog\u00edas<\/strong>, como el s\u00edndrome metab\u00f3lico, la esteatosis\/esteatohepatitis no alcoh\u00f3lica (NAFLD-NASH), la diabetes mellitus tipo 2 (DMT2), las enfermedades cardiovasculares y la neuroinflamaci\u00f3n.<\/p><blockquote class=\"wp-block-stackable-blockquote stk-block-blockquote stk-block stk-8339d85 is-style-simple\" data-v=\"2\" data-block-id=\"8339d85\"><style>.stk-8339d85{margin-bottom:0px !important}<\/style><div class=\"has-text-align-left stk-block-blockquote__content stk-container stk-8339d85-container stk--no-background stk--no-padding\"><div class=\"stk-block-content stk-inner-blocks\"><div class=\"wp-block-stackable-icon stk-block-icon stk-block stk-3ce51f5\" data-block-id=\"3ce51f5\"><style>.stk-3ce51f5{left:-50px !important;position:absolute !important;opacity:0.2 !important}.stk-3ce51f5 .stk--svg-wrapper .stk--inner-svg svg:last-child{height:100px !important;width:100px !important}.stk-3ce51f5 .stk--svg-wrapper .stk--inner-svg svg:last-child,.stk-3ce51f5 .stk--svg-wrapper .stk--inner-svg svg:last-child :is(g,path,rect,polygon,ellipse){fill:var(--theme-palette-color-1,#088fa8) !important}@media screen and (max-width:767px){.stk-3ce51f5{left:0px !important}}<\/style><span class=\"stk--svg-wrapper\"><div class=\"stk--inner-svg\"><svg style=\"height:0;width:0\"><defs><linearGradient id=\"linear-gradient-3ce51f5\" x1=\"0\" x2=\"100%\" y1=\"0\" y2=\"0\"><stop offset=\"0%\" style=\"stop-opacity:1;stop-color:var(--linear-gradient-3-ce-51-f-5-color-1)\"><\/stop><stop offset=\"100%\" style=\"stop-opacity:1;stop-color:var(--linear-gradient-3-ce-51-f-5-color-2)\"><\/stop><\/linearGradient><\/defs><\/svg><svg xmlns=\"http:\/\/www.w3.org\/2000\/svg\" viewBox=\"0 0 50 50\" aria-hidden=\"true\" width=\"32\" height=\"32\"><path d=\"M22.3 30.5c0 6-4.8 10.8-10.8 10.8-2.3 0-4.5-.8-6.3-2-.9-.6-1.8-1.4-2.5-2.4-1.8-2.4-2.7-5.4-2.7-9 0-4.5 1.3-8.5 4-11.9 2.7-3.4 6.4-5.8 11.1-7.3v2.8c-2.7 2.2-4.4 5-4.9 8.3.4-.1.9-.1 1.3-.1 6-.1 10.8 4.8 10.8 10.8zm16.9-10.9c-.5 0-.9 0-1.3.1.5-3.3 2.2-6.1 4.9-8.3V8.7c-4.7 1.4-8.4 3.9-11.1 7.3-2.7 3.4-4 7.4-4 11.9 0 3.6.9 6.6 2.7 9 .8 1 1.6 1.8 2.5 2.4 1.8 1.3 3.9 2 6.3 2 6 0 10.8-4.8 10.8-10.8 0-6-4.8-10.9-10.8-10.9z\"><\/path><\/svg><\/div><\/span><\/div>\n\n<div class=\"wp-block-stackable-text stk-block-text stk-block stk-1c8d967\" data-block-id=\"1c8d967\"><style>.stk-1c8d967 .stk-block-text__text{font-size:25px !important}@media screen and (max-width:1023px){.stk-1c8d967 .stk-block-text__text{font-size:25px !important}}<\/style><p class=\"stk-block-text__text\"><strong><span style=\"color: var(--theme-palette-color-1, #088fa8)\" class=\"stk-highlight\">En muchos casos, los s\u00edntomas de la inflamaci\u00f3n cr\u00f3nica pueden afectar a diferentes \u00f3rganos, sistemas y aparatos, manifest\u00e1ndose con s\u00edntomas y trastornos muy diversos entre s\u00ed, y que a veces es dif\u00edcil atribuir a una patolog\u00eda espec\u00edfica.<\/span><\/strong><\/p><\/div><\/div><\/div><\/blockquote><div style=\"height:20px\" aria-hidden=\"true\" class=\"wp-block-spacer\"><\/div><style>.kadence-column18582_9d9f03-8d > .kt-inside-inner-col,.kadence-column18582_9d9f03-8d > .kt-inside-inner-col:before{border-top-left-radius:30px;border-top-right-radius:30px;border-bottom-right-radius:30px;border-bottom-left-radius:30px;}.kadence-column18582_9d9f03-8d > .kt-inside-inner-col{background-color:#ebebeb;}.kadence-column18582_9d9f03-8d > .kt-inside-inner-col:before{opacity:0.3;}.kadence-column18582_9d9f03-8d{position:relative;}<\/style>\n<div class=\"wp-block-kadence-column kadence-column18582_9d9f03-8d kadence-column_33b0ff-ad\"><div class=\"kt-inside-inner-col\"><style>.kb-row-layout-wrap.wp-block-kadence-rowlayout.kb-row-layout-id18582_ad730f-2a{margin-top:0px;margin-bottom:0px;}.kb-row-layout-id18582_ad730f-2a > .kt-row-column-wrap{align-content:center;}:where(.kb-row-layout-id18582_ad730f-2a > .kt-row-column-wrap) > .wp-block-kadence-column{justify-content:center;}.kb-row-layout-id18582_ad730f-2a > .kt-row-column-wrap{column-gap:var(--global-kb-gap-md, 2rem);row-gap:var(--global-kb-gap-md, 2rem);padding-top:0px;padding-bottom:10px;padding-left:250px;grid-template-columns:minmax(0, 80%) minmax(0, 20%);}.kb-row-layout-id18582_ad730f-2a{background-image:url('https:\/\/www.geklab.com\/wp-content\/uploads\/2022\/06\/slider4-copia-1.png');background-size:contain;background-position:3% 100%;background-attachment:scroll;background-repeat:no-repeat;}.kb-row-layout-id18582_ad730f-2a > .kt-row-layout-overlay{opacity:0.30;}.kb-row-layout-id18582_ad730f-2a .kt-row-layout-bottom-sep{height:100px;}.kb-row-layout-id18582_ad730f-2a .kt-row-layout-bottom-sep svg{width:100%;}.kb-row-layout-id18582_ad730f-2a .kt-row-layout-bottom-sep svg{fill:#ffffff!important;}@media all and (min-width: 1025px){.kb-row-layout-id18582_ad730f-2a{display:none !important;}}@media all and (max-width: 1024px){.kb-row-layout-id18582_ad730f-2a > .kt-row-column-wrap{padding-right:0px;padding-left:45px;grid-template-columns:minmax(0, 2fr) minmax(0, 1fr);}}@media all and (max-width: 1024px){.kb-row-layout-id18582_ad730f-2a{background-image:none !important;}}@media all and (max-width: 1024px){.kb-row-layout-id18582_ad730f-2a [id*=\"jarallax-container-\"]{display:none !important;}}@media all and (max-width: 1024px){.kb-row-layout-id18582_ad730f-2a .kt-row-layout-bottom-sep{height:px;}}@media all and (max-width: 1024px){.kb-row-layout-id18582_ad730f-2a .kt-row-layout-bottom-sep svg{width:%;}}@media all and (min-width: 768px) and (max-width: 1024px){.kb-row-layout-id18582_ad730f-2a{display:none !important;}}@media all and (max-width: 767px){.kb-row-layout-id18582_ad730f-2a > .kt-row-column-wrap{column-gap:var(--global-kb-gap-none, 0 );row-gap:var(--global-kb-gap-none, 0 );padding-top:30px;padding-right:20px;padding-bottom:20px;padding-left:20px;grid-template-columns:minmax(0, 1fr);}.kb-row-layout-wrap.wp-block-kadence-rowlayout.kb-row-layout-id18582_ad730f-2a{background-image:none !important;}.kb-row-layout-id18582_ad730f-2a [id*=\"jarallax-container-\"]{display:none !important;}.kb-row-layout-id18582_ad730f-2a > .kt-row-layout-overlay{opacity:0.30;background-image:url('https:\/\/www.geklab.com\/wp-content\/uploads\/2022\/09\/copertina.png');background-size:contain;background-position:right bottom;background-attachment:fixed;background-repeat:no-repeat;}.kb-row-layout-id18582_ad730f-2a .kt-row-layout-bottom-sep{height:px;}.kb-row-layout-id18582_ad730f-2a .kt-row-layout-bottom-sep svg{width:%;}.kb-row-layout-id18582_ad730f-2a{display:none !important;}}<\/style><div class=\"kb-row-layout-wrap kb-row-layout-id18582_ad730f-2a alignnone kb-v-lg-hidden kb-v-md-hidden kb-v-sm-hidden kt-row-has-bg wp-block-kadence-rowlayout\"><div class=\"kt-row-layout-overlay kt-row-overlay-normal\"><\/div><div class=\"kt-row-column-wrap kt-has-2-columns kt-row-layout-equal kt-tab-layout-left-golden kt-mobile-layout-row kt-row-valign-middle\">\n<style>.kadence-column18582_eaab17-e0 > .kt-inside-inner-col,.kadence-column18582_eaab17-e0 > .kt-inside-inner-col:before{border-top-left-radius:0px;border-top-right-radius:0px;border-bottom-right-radius:0px;border-bottom-left-radius:0px;}.kadence-column18582_eaab17-e0 > .kt-inside-inner-col:before{opacity:0.3;}.kadence-column18582_eaab17-e0{position:relative;}@media all and (max-width: 767px){.kadence-column18582_eaab17-e0{text-align:center;}}<\/style>\n<div class=\"wp-block-kadence-column kadence-column18582_eaab17-e0 inner-column-1\"><div class=\"kt-inside-inner-col\"><div style=\"height:15px\" aria-hidden=\"true\" class=\"wp-block-spacer\"><\/div>\n\n<div class=\"wp-block-stackable-image stk-block-image has-text-align-left has-text-align-center-mobile stk-block stk-1fd7d15 alignleft\" data-block-id=\"1fd7d15\"><style>.stk-1fd7d15 .stk-img-wrapper{height:50px !important}.stk-1fd7d15 .stk-img-wrapper img{object-position:0% 50% !important;object-fit:contain !important}@media screen and (max-width:767px){.stk-1fd7d15{padding-right:60px !important;padding-left:60px !important}.stk-1fd7d15 .stk-img-wrapper img{object-fit:contain !important}}<\/style><a class=\"stk-link\" href=\"\/perme-test\/\"><div class=\"stk-img-wrapper stk-image--shape-stretch\"><img loading=\"lazy\" decoding=\"async\" class=\"stk-img wp-image-19755\" src=\"https:\/\/www.geklab.com\/wp-content\/uploads\/2025\/02\/PerMe_medical_program.webp\" width=\"1576\" height=\"418\" srcset=\"https:\/\/www.geklab.com\/wp-content\/uploads\/2025\/02\/PerMe_medical_program.webp 1576w, https:\/\/www.geklab.com\/wp-content\/uploads\/2025\/02\/PerMe_medical_program-300x80.webp 300w, https:\/\/www.geklab.com\/wp-content\/uploads\/2025\/02\/PerMe_medical_program-1024x272.webp 1024w, https:\/\/www.geklab.com\/wp-content\/uploads\/2025\/02\/PerMe_medical_program-768x204.webp 768w, https:\/\/www.geklab.com\/wp-content\/uploads\/2025\/02\/PerMe_medical_program-1536x407.webp 1536w, https:\/\/www.geklab.com\/wp-content\/uploads\/2025\/02\/PerMe_medical_program-600x159.webp 600w\" sizes=\"auto, (max-width: 1576px) 100vw, 1576px\" \/><\/div><\/a><\/div>\n\n<div style=\"height:1px\" aria-hidden=\"true\" class=\"wp-block-spacer\"><\/div>\n\n<p>Para mantener bajo control tu inflamaci\u00f3n, realiza un <strong>PerM\u00e8<\/strong> <strong>Medical Program<\/strong><\/p><\/div><\/div>\n\n<style>.kadence-column18582_1d26d0-93 > .kt-inside-inner-col,.kadence-column18582_1d26d0-93 > .kt-inside-inner-col:before{border-top-left-radius:0px;border-top-right-radius:0px;border-bottom-right-radius:0px;border-bottom-left-radius:0px;}.kadence-column18582_1d26d0-93 > .kt-inside-inner-col:before{opacity:0.3;}.kadence-column18582_1d26d0-93{text-align:center;}.kadence-column18582_1d26d0-93{position:relative;}<\/style>\n<div class=\"wp-block-kadence-column kadence-column18582_1d26d0-93\"><div class=\"kt-inside-inner-col\"><div class=\"wp-block-stackable-image stk-block-image has-text-align-center stk-block stk-af48962\" data-block-id=\"af48962\"><style>.stk-af48962{margin-bottom:0px !important}.stk-af48962 .stk-img-wrapper{width:150px !important}<\/style><figure><div class=\"stk-img-wrapper stk-image--shape-stretch\"><img loading=\"lazy\" decoding=\"async\" class=\"stk-img wp-image-19908\" src=\"https:\/\/www.geklab.com\/wp-content\/uploads\/2025\/02\/perme-eps-scaled.webp\" width=\"2560\" height=\"2560\" srcset=\"https:\/\/www.geklab.com\/wp-content\/uploads\/2025\/02\/perme-eps-scaled.webp 2560w, https:\/\/www.geklab.com\/wp-content\/uploads\/2025\/02\/perme-eps-300x300.webp 300w, https:\/\/www.geklab.com\/wp-content\/uploads\/2025\/02\/perme-eps-1024x1024.webp 1024w, https:\/\/www.geklab.com\/wp-content\/uploads\/2025\/02\/perme-eps-150x150.webp 150w, https:\/\/www.geklab.com\/wp-content\/uploads\/2025\/02\/perme-eps-768x768.webp 768w, https:\/\/www.geklab.com\/wp-content\/uploads\/2025\/02\/perme-eps-1536x1536.webp 1536w, https:\/\/www.geklab.com\/wp-content\/uploads\/2025\/02\/perme-eps-2048x2048.webp 2048w, https:\/\/www.geklab.com\/wp-content\/uploads\/2025\/02\/perme-eps-64x64.webp 64w, https:\/\/www.geklab.com\/wp-content\/uploads\/2025\/02\/perme-eps-600x600.webp 600w, https:\/\/www.geklab.com\/wp-content\/uploads\/2025\/02\/perme-eps-100x100.webp 100w\" sizes=\"auto, (max-width: 2560px) 100vw, 2560px\" \/><\/div><\/figure><\/div>\n\n<div class=\"wp-block-stackable-button-group stk-block-button-group stk-block stk-5c8f60c\" data-block-id=\"5c8f60c\"><style>.stk-5c8f60c{padding-top:0px !important;padding-right:0px !important;padding-bottom:0px !important;padding-left:0px !important;margin-bottom:0px !important}<\/style><div class=\"stk-row stk-inner-blocks has-text-align-center stk-block-content stk-button-group\"><div class=\"wp-block-stackable-button stk-block-button has-text-align-center stk-block stk-0b72e9d\" data-block-id=\"0b72e9d\"><style>.stk-0b72e9d{margin-top:0px !important;margin-right:0px !important;margin-bottom:0px !important;margin-left:0px !important}<\/style><a class=\"stk-link stk-button stk--hover-effect-darken\" href=\"https:\/\/www.geklab.com\/es\/perme-medical-program\/\"><span class=\"stk-button__inner-text\">Saber m\u00e1s<\/span><\/a><\/div><\/div><\/div><\/div><\/div>\n<\/div><\/div><\/div><\/div><p id=\"diverse\">Una <strong>mala alimentaci\u00f3n<\/strong> tiene un papel crucial en mantener viva la inflamaci\u00f3n y en hacerla persistente, y el consumo repetido de ciertos alimentos, junto con un desequilibrio en la distribuci\u00f3n de los macronutrientes, puede contribuir a la inflamaci\u00f3n sist\u00e9mica. Por eso, un enfoque personalizado de la dieta es una herramienta eficaz para modular la inflamaci\u00f3n y mejorar la salud.<\/p><h2 class=\"wp-block-heading\" id=\"formas\"><strong>Las diferentes formas de inflamaci\u00f3n provocadas por los alimentos<\/strong><\/h2><p>En el \u00e1mbito de la inflamaci\u00f3n alimentaria, se distinguen principalmente dos formas de inflamaci\u00f3n, cada una con sus propias caracter\u00edsticas e impactos en la salud. Estas diferentes formas de inflamaci\u00f3n por alimentos, aunque son distintas, interact\u00faan entre s\u00ed, amplificando los efectos negativos en nuestro organismo.<\/p><p><strong>La inflamaci\u00f3n por az\u00facares<\/strong><\/p><p>Est\u00e1 relacionada con el<strong> consumo excesivo de az\u00facares, carbohidratos refinados y sustancias metab\u00f3licamente afines, como edulcorantes y alcohol<\/strong>. <\/p><p>La alta variabilidad gluc\u00e9mica y las fluctuaciones excesivas de los niveles de glucosa en sangre, que tambi\u00e9n dependen de la forma en que se estructuran las comidas, pueden causar da\u00f1os irreversibles a estructuras proteicas y celulares. Este fen\u00f3meno, conocido como <strong>glicaci\u00f3n<\/strong>, es responsable de un aumento en la producci\u00f3n de radicales libres y de una serie de reacciones inflamatorias y\/o similares a alergias, que provocan diversos s\u00edntomas y trastornos, incluso graves. <\/p><p>Para contrarrestar precozmente los da\u00f1os por az\u00facar, se ha desarrollado una prueba innovadora, el <strong><a href=\"https:\/\/www.geklab.com\/es\/glyco-test\/\"><\/a><strong><a href=\"https:\/\/www.geklab.com\/es\/producto\/perme\/\">PerM\u00e8 Recaller Program<\/a><\/strong><\/strong>, que mide dos biomarcadores, la <a href=\"https:\/\/www.geklab.com\/es\/medir-la-albumina-glicada-que-nos-cuenta\/\">Alb\u00famina Glicada<\/a> (GA%) y el <a href=\"https:\/\/www.geklab.com\/es\/metilglioxal-un-nuevo-marcador-de-variabilidad-glucemica\/\">Metilglioxal<\/a> (MGO), \u00fatiles para intervenir de manera oportuna y monitorear s\u00edntomas y trastornos relacionados con los az\u00facares, como el dismetabolismo lip\u00eddico, gluc\u00eddico y la resistencia a la insulina, que pueden evolucionar hacia verdaderas patolog\u00edas como la diabetes, la esteatosis hep\u00e1tica, el sobrepeso y la obesidad, solo por mencionar algunas.<\/p><p><strong>La inflamaci\u00f3n por alimentos<\/strong><\/p><p>Est\u00e1 correlacionada con la <strong>ingesta excesiva o repetida de uno o m\u00e1s grupos alimentarios<\/strong>, lo que puede estimular la producci\u00f3n de inmunoglobulinas G espec\u00edficas y la liberaci\u00f3n de citoquinas inflamatorias. <\/p><p>La inflamaci\u00f3n de bajo grado es medible a trav\u00e9s del <strong>Food Recaller Program<\/strong> mediante el conocimiento del nivel de una citoquina inflamatoria espec\u00edfica: el <a href=\"https:\/\/www.geklab.com\/es\/baff-una-molecula-con-muchos-roles-por-que-medirla-y-como-gestionarla\/\">BAFF (Factor activador de c\u00e9lulas B)<\/a>.<\/p><p>La inflamaci\u00f3n es el m\u00ednimo com\u00fan denominador de una multitud de s\u00edntomas y patolog\u00edas de base inflamatoria, como el s\u00edndrome del intestino irritable, las enfermedades inflamatorias intestinales, las enfermedades autoinmunes, entre otras.<\/p><p>El <a href=\"https:\/\/www.geklab.com\/es\/producto\/food-recaller-program\/\">Food Recaller Program<\/a> ha sido desarrollada para medir el nivel de inflamaci\u00f3n presente en el organismo e identificar el perfil alimentario personal, es decir, determinar qu\u00e9 Grupos Alimentarios deben ser reducidos en consumo y frecuencia semanal. Esta herramienta puede ayudar a personalizar las recomendaciones nutricionales y fomentar un enfoque terap\u00e9utico centrado en el paciente y orientado al control de la inflamaci\u00f3n.<\/p><p id=\"geni\">Una <a href=\"https:\/\/pubmed.ncbi.nlm.nih.gov\/31108900\/\" target=\"_blank\" rel=\"noreferrer noopener\">investigaci\u00f3n publicada en <em>Nutrients<\/em><\/a> ha confirmado la importancia de las inmunoglobulinas G espec\u00edficas de los alimentos en la determinaci\u00f3n de los principales grupos alimentarios para la poblaci\u00f3n europea, proporcionando as\u00ed un apoyo cient\u00edfico adicional a este enfoque personalizado.<\/p><h2 class=\"wp-block-heading\" id=\"genes\"><strong>Los genes no son tu destino, pero conocerlos es \u00fatil<\/strong><\/h2><p>Nuestro ADN encierra el patrimonio gen\u00e9tico heredado de nuestros antepasados y est\u00e1 en constante di\u00e1logo con el entorno que nos rodea. Este di\u00e1logo puede influir en nuestras predisposiciones gen\u00e9ticas a trav\u00e9s de modificaciones bioqu\u00edmicas inducidas por factores como la actividad f\u00edsica y los h\u00e1bitos alimentarios. El concepto de <strong>epigen\u00e9tica<\/strong> sugiere que podemos influir en la expresi\u00f3n de nuestros genes, y por lo tanto en nuestro destino de salud, mediante elecciones de estilo de vida, incluida la alimentaci\u00f3n.<\/p><p>Identificar una predisposici\u00f3n gen\u00e9tica hacia condiciones como la <a href=\"https:\/\/www.geklab.com\/es\/predisposiciones-geneticas-el-gen-fto-y-la-obesidad\/\">obesidad<\/a>, la <a href=\"https:\/\/www.geklab.com\/es\/predisposiciones-geneticas-el-gen-tcf7l2-y-la-diabetes-tipo-2\/\">diabetes<\/a> o la <a href=\"https:\/\/www.geklab.com\/es\/predisposiciones-geneticas-el-gen-pnpla3-y-la-esteatosis-hepatica\/\">esteatosis hep\u00e1tica<\/a> no significa una condena a desarrollar la enfermedad, sino m\u00e1s bien un <strong>aumento del riesgo<\/strong> de padecerla. Sin embargo, esta conciencia puede ser un motor poderoso para adoptar un enfoque proactivo y preventivo hacia la salud. Utilizando esta informaci\u00f3n gen\u00e9tica como gu\u00eda, es posible adaptar de manera espec\u00edfica los h\u00e1bitos alimentarios y el estilo de vida para mitigar los riesgos asociados con estas predisposiciones.<\/p><p>Un <a href=\"https:\/\/www.bmj.com\/content\/360\/bmj.j5644\" target=\"_blank\" rel=\"noreferrer noopener\">estudio publicado en el&nbsp;<em>British Medical Journal<\/em><\/a>&nbsp;en 2018 destac\u00f3 que las personas con <strong>predisposici\u00f3n gen\u00e9tica a la obesidad<\/strong> obtienen mayores beneficios de intervenciones diet\u00e9ticas espec\u00edficas. Esto subraya a\u00fan m\u00e1s la importancia de conocer el propio patrimonio gen\u00e9tico y utilizarlo como gu\u00eda para adoptar decisiones alimentarias y conductuales que promuevan la salud y el bienestar a largo plazo.<\/p><h2 class=\"wp-block-heading\" id=\"interacci\u00f3n\"><strong>Inflamaci\u00f3n y nutrici\u00f3n: una constante interacci\u00f3n entre salud y enfermedad<\/strong><\/h2><p>A lo largo de la vida, cada uno de nosotros experimenta fen\u00f3menos inflamatorios que var\u00edan en sintomatolog\u00eda y duraci\u00f3n. Afortunadamente, <strong>hoy en d\u00eda podemos medir la inflamaci\u00f3n<\/strong> de manera sencilla, tal como se mide la fiebre con un term\u00f3metro. Conocer los niveles de inflamaci\u00f3n, incluidos aquellos relacionados con los alimentos, es fundamental para establecer y restaurar el equilibrio inmunol\u00f3gico.<\/p><p>Es importante actuar simult\u00e1neamente sobre todas las posibles causas de la inflamaci\u00f3n en muchas patolog\u00edas y s\u00edntomas inflamatorios, teniendo en cuenta tambi\u00e9n la predisposici\u00f3n gen\u00e9tica individual. En muchas enfermedades, la inflamaci\u00f3n relacionada con el <strong>consumo diario o excesivamente repetido de ciertos grupos alimentarios<\/strong> juega un papel significativo y debe abordarse junto con la inflamaci\u00f3n derivada del consumo excesivo de az\u00facares y sustancias afines.<\/p><figure class=\"wp-block-image alignleft size-large is-resized\"><img loading=\"lazy\" decoding=\"async\" width=\"1024\" height=\"894\" src=\"https:\/\/www.geklab.com\/wp-content\/uploads\/2020\/04\/Screenshot-2025-05-27-at-14.45.02-1024x894.png\" alt=\"\" class=\"wp-image-21879\" style=\"width:809px;height:auto\" srcset=\"https:\/\/www.geklab.com\/wp-content\/uploads\/2020\/04\/Screenshot-2025-05-27-at-14.45.02-1024x894.png 1024w, https:\/\/www.geklab.com\/wp-content\/uploads\/2020\/04\/Screenshot-2025-05-27-at-14.45.02-300x262.png 300w, https:\/\/www.geklab.com\/wp-content\/uploads\/2020\/04\/Screenshot-2025-05-27-at-14.45.02-768x670.png 768w, https:\/\/www.geklab.com\/wp-content\/uploads\/2020\/04\/Screenshot-2025-05-27-at-14.45.02-1536x1341.png 1536w, https:\/\/www.geklab.com\/wp-content\/uploads\/2020\/04\/Screenshot-2025-05-27-at-14.45.02-600x524.png 600w, https:\/\/www.geklab.com\/wp-content\/uploads\/2020\/04\/Screenshot-2025-05-27-at-14.45.02.png 1794w\" sizes=\"auto, (max-width: 1024px) 100vw, 1024px\" \/><figcaption class=\"wp-element-caption\"><strong>Posible interferencia del az\u00facar y los alimentos en el desarrollo y mantenimiento de diversas enfermedades.<\/strong><\/figcaption><\/figure><p>Una amplia gama de trastornos y enfermedades puede estar relacionada con la inflamaci\u00f3n provocada por alimentos y az\u00facares, afectando a diversos sistemas y \u00f3rganos:<\/p><p><strong>Trastornos metab\u00f3licos y hormonales<\/strong>, entre ellos la diabetes, formas de hipoglucemia, dificultades para perder peso, obesidad, problemas relacionados con la resistencia a la insulina, s\u00edndrome de ovario poliqu\u00edstico (SOP), alteraciones del colesterol y triglic\u00e9ridos, que junto con la hiperuricemia, son caracter\u00edsticas comunes del s\u00edndrome metab\u00f3lico.<\/p><p><strong>Inflamaci\u00f3n de las mucosas<\/strong> que incluye todas las formas de candidiasis, vaginitis y cistitis recurrentes, gingivitis, pulpitis y aftas recurrentes (\u00e1rea t\u00edpica en la que act\u00faan tanto la inflamaci\u00f3n por alimentos como por az\u00facares), tendencia al desarrollo de caries y todo el conjunto de patolog\u00edas oculares como conjuntivitis inexplicadas, queratitis o blefaritis. Lo mismo ocurre con las sinusitis sin causa aparente.<\/p><p><strong>Autoinmunidad y artritis:<\/strong> se trata de enfermedades en las que la acci\u00f3n de citoquinas inflamatorias, como el BAFF, puede ser ya de por s\u00ed una causa, pero la sintomatolog\u00eda podr\u00eda verse exacerbada tambi\u00e9n por una inflamaci\u00f3n subyacente relacionada con el consumo de az\u00facar. Este grupo de enfermedades incluye todas las tiroiditis (incluidas las de Hashimoto y de Basedow), enfermedades autoinmunes como el lupus, la esclerodermia y las enfermedades indiferenciadas del tejido conectivo, varias formas de artritis (reumatoide, psori\u00e1sica y reactiva), la artritis inflamatoria, la fibromialgia. Las manifestaciones autoinmunes tambi\u00e9n incluyen la enfermedad de Crohn y la colitis ulcerosa.<\/p><p><strong>Trastornos de las v\u00edas respiratorias<\/strong> relacionados con la alergia o la inflamaci\u00f3n: Este grupo de trastornos incluye la roncopat\u00eda (es decir, el ronquido), la rinitis, el asma, la tos cr\u00f3nica sin causa aparente y las infecciones recurrentes.<\/p><p><strong>Apoyo para controlar los efectos de la quimioterapia:<\/strong> numerosas evidencias demuestran que una dieta antiinflamatoria, eventualmente combinada con el ayuno corto, puede ser \u00fatil para ayudar al organismo a sobrellevar mejor la quimioterapia, reduciendo sus efectos secundarios y aumentando su eficacia.<\/p><p>Las evidencias cient\u00edficas que confirman el estrecho v\u00ednculo entre la inflamaci\u00f3n y diversas enfermedades aumentan constantemente. Los cambios en el estilo de vida, incluidas las elecciones alimentarias, suelen ser la primera intervenci\u00f3n recomendada en muchas gu\u00edas internacionales para el tratamiento de estas patolog\u00edas.<\/p><p>Adem\u00e1s, es importante considerar que no solo las enfermedades pueden beneficiarse de un enfoque personalizado en la nutrici\u00f3n, sino tambi\u00e9n situaciones no patol\u00f3gicas.<\/p><p><strong>Embarazo:<\/strong>&nbsp;altos niveles de inflamaci\u00f3n detectables por BAFF durante el primer trimestre de embarazo pueden indicar ya el desarrollo de hipertensi\u00f3n relacionada con el embarazo en el tercer trimestre. Adem\u00e1s, medir los biomarcadores de la glicaci\u00f3n en el primer trimestre tambi\u00e9n puede permitir una evaluaci\u00f3n temprana de la diabetes gestacional.<\/p><p><strong>Deporte y rendimiento atl\u00e9tico:<\/strong>&nbsp;los atletas de \u00e9lite y amateurs pueden obtener importantes beneficios del estudio de la inflamaci\u00f3n relacionada con los az\u00facares y los alimentos. La pr\u00e1ctica cl\u00ednica muestra una reducci\u00f3n de las lesiones no traum\u00e1ticas, as\u00ed como una mejora en el rendimiento y la capacidad de soportar cargas de entrenamiento m\u00e1s altas.<\/p><p><strong>Sobrepeso y obesidad:<\/strong>&nbsp;en las personas obesas y con sobrepeso, la citoquina BAFF est\u00e1 estrechamente relacionada con la resistencia a la insulina, ya que facilita el ac\u00famulo de grasa. Adem\u00e1s, los altos niveles de Metilglioxal (MGO) reflejan la presencia de fluctuaciones excesivas de az\u00facar debido a la ingesta de glucosa, fructosa o edulcorantes, que tambi\u00e9n favorecen el aumento de peso.<\/p><p><strong>Excesiva delgadez:<\/strong>&nbsp;al igual que el sobrepeso, la excesiva delgadez es un factor de riesgo para muchas enfermedades. A veces puede deberse a un malabsorci\u00f3n a nivel intestinal, lo que se traduce en una asimilaci\u00f3n insuficiente de nutrientes. Este aspecto es bastante frecuente cuando hay una inflamaci\u00f3n del tracto digestivo, que puede ser modulada a trav\u00e9s de una dieta personalizada.<\/p><p><strong>Rendimiento cognitivo:<\/strong>&nbsp;todos deber\u00edan seguir una dieta personalizada durante per\u00edodos de intensa actividad laboral, en previsi\u00f3n de ex\u00e1menes o en momentos de gran esfuerzo cognitivo. Las mismas condiciones nutricionales que mejoran el rendimiento muscular tambi\u00e9n facilitan el correcto funcionamiento del sistema nervioso, optimizando la concentraci\u00f3n, el esfuerzo y la atenci\u00f3n mental.<\/p><p id=\"principi\"><strong>Reducir la velocidad de envejecimiento:<\/strong> la inflamaci\u00f3n produce especies reactivas de ox\u00edgeno (ROS) que contribuyen significativamente al endurecimiento de las fibras el\u00e1sticas, a la esclerosis de los tejidos y al envejecimiento general del cuerpo. El control de las diferentes formas de inflamaci\u00f3n puede ralentizar los signos del envejecimiento y los trastornos relacionados con la edad.<\/p><h2 class=\"wp-block-heading\" id=\"principios\"><strong>Principios nutricionales generales<\/strong><\/h2><p>El \u201c<a href=\"https:\/\/nutritionsource.hsph.harvard.edu\/healthy-eating-plate\/translations\/spanish\/\" target=\"_blank\" rel=\"noreferrer noopener\"><strong>Plato para Comer Saludable<\/strong><\/a>\u201d propuesto por la Escuela de Salud P\u00fablica de Harvard en 2011 enfatiza la importancia de las prote\u00ednas y la elecci\u00f3n de cereales integrales en lugar de refinados, sin centrarse en el conteo cal\u00f3rico. Estas directrices son cruciales, pero por s\u00ed solas no garantizan el bienestar \u00f3ptimo. Es esencial integrarlas con una dieta personalizada que considere la variabilidad individual, la gen\u00e9tica y el estilo de vida.<\/p><p>Los est\u00edmulos inflamatorios pueden derivar del consumo repetido de ciertos alimentos o del uso diario de diferentes tipos de az\u00facares (fructosa, glucosa, polioles o alcohol, que siguen las mismas v\u00edas metab\u00f3licas). A su vez, la inflamaci\u00f3n, tambi\u00e9n relacionada con la comida, puede inducir y mantener diversas enfermedades. A veces, este fen\u00f3meno ocurre de manera subcl\u00ednica, sin s\u00edntomas evidentes.<\/p><p>Por ejemplo, las personas con una sensibilidad alterada a los az\u00facares pueden manifestar efectos inflamatorios como fatiga o alteraciones del sue\u00f1o debido a un exceso individual de fructosa (un az\u00facar que tambi\u00e9n se encuentra en la fruta).<\/p><p>Medir y conocer estos aspectos, que difieren de persona a persona, permite a m\u00e9dicos y profesionales de la salud gestionar de manera consciente y cient\u00edfica el enfoque nutricional m\u00e1s adecuado.<\/p><p><em><em><em>Cuidado de la&nbsp;<a href=\"https:\/\/www.geklab.com\/es\/la-redaccion-cientifica\/\">Redacci\u00f3n Cient\u00edfica GEK Lab<\/a><\/em><\/em><\/em><\/p><div class=\"wp-block-stackable-heading stk-block-heading stk-block-heading--v2 stk-block stk-11692d3\" id=\"articulos-relacionados\" data-block-id=\"11692d3\"><style>.stk-11692d3{margin-bottom:10px !important}.stk-11692d3 .stk-block-heading__text{font-size:30px !important}@media screen and (max-width:1023px){.stk-11692d3 .stk-block-heading__text{font-size:30px !important}}<\/style><h3 class=\"stk-block-heading__text has-text-align-center\">Art\u00edculos relacionados<\/h3><\/div><div class=\"wp-block-uagb-post-grid uagb-post-grid  uagb-post__image-position-top uagb-post__image-enabled uagb-block-ea6d35cb     uagb-post__items uagb-post__columns-3 is-grid uagb-post__columns-tablet-2 uagb-post__columns-mobile-1 uagb-post__equal-height\" data-total=\"13\" style=\"\">\n\n\t\t\t\t\t\t\t\t\t\t\t\t<article class=\"uagb-post__inner-wrap\">\t\t\t\t\t\t\t\t<div class='uagb-post__image'>\n\t\t\t\t\t\t\t\t\t<a href=\"https:\/\/www.geklab.com\/es\/crohn\/\" target=\"_self\" rel=\"bookmark noopener noreferrer\" class='uagb-image-ratio-inherit'><img loading=\"lazy\" decoding=\"async\" width=\"758\" height=\"500\" src=\"https:\/\/www.geklab.com\/wp-content\/uploads\/2025\/05\/Morbo-di-Crohn-l-alimentazione-puo-essere-d-aiuto_articleimage-4.jpg\" class=\"attachment-large size-large\" alt=\"\" srcset=\"https:\/\/www.geklab.com\/wp-content\/uploads\/2025\/05\/Morbo-di-Crohn-l-alimentazione-puo-essere-d-aiuto_articleimage-4.jpg 758w, https:\/\/www.geklab.com\/wp-content\/uploads\/2025\/05\/Morbo-di-Crohn-l-alimentazione-puo-essere-d-aiuto_articleimage-4-300x198.jpg 300w, https:\/\/www.geklab.com\/wp-content\/uploads\/2025\/05\/Morbo-di-Crohn-l-alimentazione-puo-essere-d-aiuto_articleimage-4-600x396.jpg 600w\" sizes=\"auto, (max-width: 758px) 100vw, 758px\" \/>\t\t\t\t\t<\/a>\n\t\t\t\t\t\t\t<\/div>\n\t\t\t\t\t\t<h5 class=\"uagb-post__title uagb-post__text\">\n\t\t\t\t<a href=\"https:\/\/www.geklab.com\/es\/crohn\/\" target=\"_self\" rel=\"bookmark noopener noreferrer\">Enfermedad de Crohn: cuando el intestino se inflama (y c\u00f3mo ayudarlo)<\/a>\n\t\t\t<\/h5>\n\t\t\t\t\t\t<div class='uagb-post__text uagb-post-grid-byline'>\n\t\t\t\t\t\t\t<\/div>\n\t\t\t\t\t\t\t<div class='uagb-post__text uagb-post__excerpt'>\n\t\t\t\t\tLa enfermedad de Crohn (tambi\u00e9n conocida por el nombre ya en desuso de Morbo de&#8230;\t\t\t\t<\/div>\n\t\t\t\t\t\t\t\t\t\t\t\t<\/article>\n\t\t\t\t\t\t\t\t\t\t\t\t\t\t\t\t<article class=\"uagb-post__inner-wrap\">\t\t\t\t\t\t\t\t<div class='uagb-post__image'>\n\t\t\t\t\t\t\t\t\t<a href=\"https:\/\/www.geklab.com\/es\/prueba-de-traje-de-bano\/\" target=\"_self\" rel=\"bookmark noopener noreferrer\" class='uagb-image-ratio-inherit'><img loading=\"lazy\" decoding=\"async\" width=\"753\" height=\"500\" src=\"https:\/\/www.geklab.com\/wp-content\/uploads\/2024\/06\/Prepararsi-alla-prova-costume_articleimage-4.jpg\" class=\"attachment-large size-large\" alt=\"\" srcset=\"https:\/\/www.geklab.com\/wp-content\/uploads\/2024\/06\/Prepararsi-alla-prova-costume_articleimage-4.jpg 753w, https:\/\/www.geklab.com\/wp-content\/uploads\/2024\/06\/Prepararsi-alla-prova-costume_articleimage-4-300x199.jpg 300w, https:\/\/www.geklab.com\/wp-content\/uploads\/2024\/06\/Prepararsi-alla-prova-costume_articleimage-4-600x398.jpg 600w\" sizes=\"auto, (max-width: 753px) 100vw, 753px\" \/>\t\t\t\t\t<\/a>\n\t\t\t\t\t\t\t<\/div>\n\t\t\t\t\t\t<h5 class=\"uagb-post__title uagb-post__text\">\n\t\t\t\t<a href=\"https:\/\/www.geklab.com\/es\/prueba-de-traje-de-bano\/\" target=\"_self\" rel=\"bookmark noopener noreferrer\">Prueba de traje de ba\u00f1o: estrategias para una p\u00e9rdida de peso saludable y eficaz<\/a>\n\t\t\t<\/h5>\n\t\t\t\t\t\t<div class='uagb-post__text uagb-post-grid-byline'>\n\t\t\t\t\t\t\t<\/div>\n\t\t\t\t\t\t\t<div class='uagb-post__text uagb-post__excerpt'>\n\t\t\t\t\tCon l&#8217;arrivo dell&#8217;estate, molte persone iniziano a pensare alla temuta &#8220;prova costume&#8221;. Questo periodo dell&#8217;anno&#8230;\t\t\t\t<\/div>\n\t\t\t\t\t\t\t\t\t\t\t\t<\/article>\n\t\t\t\t\t\t\t\t\t\t\t\t\t\t\t\t<article class=\"uagb-post__inner-wrap\">\t\t\t\t\t\t\t\t<div class='uagb-post__image'>\n\t\t\t\t\t\t\t\t\t<a href=\"https:\/\/www.geklab.com\/es\/depresion-alimentacion-y-metabolismo\/\" target=\"_self\" rel=\"bookmark noopener noreferrer\" class='uagb-image-ratio-inherit'><img loading=\"lazy\" decoding=\"async\" width=\"753\" height=\"500\" src=\"https:\/\/www.geklab.com\/wp-content\/uploads\/2025\/04\/Depressione-come-affrontarla-naturalmente_articleimage-5.jpg\" class=\"attachment-large size-large\" alt=\"\" srcset=\"https:\/\/www.geklab.com\/wp-content\/uploads\/2025\/04\/Depressione-come-affrontarla-naturalmente_articleimage-5.jpg 753w, https:\/\/www.geklab.com\/wp-content\/uploads\/2025\/04\/Depressione-come-affrontarla-naturalmente_articleimage-5-300x199.jpg 300w, https:\/\/www.geklab.com\/wp-content\/uploads\/2025\/04\/Depressione-come-affrontarla-naturalmente_articleimage-5-600x398.jpg 600w\" sizes=\"auto, (max-width: 753px) 100vw, 753px\" \/>\t\t\t\t\t<\/a>\n\t\t\t\t\t\t\t<\/div>\n\t\t\t\t\t\t<h5 class=\"uagb-post__title uagb-post__text\">\n\t\t\t\t<a href=\"https:\/\/www.geklab.com\/es\/depresion-alimentacion-y-metabolismo\/\" target=\"_self\" rel=\"bookmark noopener noreferrer\">Depresi\u00f3n, alimentaci\u00f3n y metabolismo: comprender sus v\u00ednculos y posibles soluciones.<\/a>\n\t\t\t<\/h5>\n\t\t\t\t\t\t<div class='uagb-post__text uagb-post-grid-byline'>\n\t\t\t\t\t\t\t<\/div>\n\t\t\t\t\t\t\t<div class='uagb-post__text uagb-post__excerpt'>\n\t\t\t\t\tLe stime indicano che pi\u00f9 di 3 milioni di italiani convivono con sintomi depressivi, e&#8230;\t\t\t\t<\/div>\n\t\t\t\t\t\t\t\t\t\t\t\t<\/article>\n\t\t\t\t\t\t\t\t\t\t\t<\/div>","protected":false},"excerpt":{"rendered":"<p>La inflamaci\u00f3n es un proceso fisiol\u00f3gico en s\u00ed mismo positivo, necesario para defender al organismo. M\u00faltiples factores, como los desequilibrios alimentarios o las infecciones virales cr\u00f3nicas, pueden generar una condici\u00f3n inflamatoria cr\u00f3nica y persistente que est\u00e1 en la base de diversas patolog\u00edas.<\/p>\n","protected":false},"author":10,"featured_media":13033,"comment_status":"closed","ping_status":"closed","sticky":false,"template":"","format":"standard","meta":{"_uag_custom_page_level_css":"","footnotes":""},"categories":[306,4],"tags":[291,267,301,274,275,277,272,292,284,273,302,498],"class_list":["post-18582","post","type-post","status-publish","format-standard","has-post-thumbnail","hentry","category-conocimientos-cientificos","category-noticias-articulos","tag-albumina-glicada","tag-baff-es","tag-colesterol","tag-diabetes","tag-glicacion","tag-glyco-medical-program","tag-inflamacion","tag-metilglioxal","tag-obesidad","tag-paf-es","tag-recaller-medical-program","tag-tiroide-es"],"blocksy_meta":[],"featured_image_urls":{"full":["https:\/\/www.geklab.com\/wp-content\/uploads\/2024\/04\/Colesterolo-in-forse-sono-infiammazione-e-PAF-che-causano-la-maggior-parte-delle-malattie-croniche_articleimage-4.jpg",750,500,false],"thumbnail":["https:\/\/www.geklab.com\/wp-content\/uploads\/2024\/04\/Colesterolo-in-forse-sono-infiammazione-e-PAF-che-causano-la-maggior-parte-delle-malattie-croniche_articleimage-4-150x150.jpg",150,150,true],"medium":["https:\/\/www.geklab.com\/wp-content\/uploads\/2024\/04\/Colesterolo-in-forse-sono-infiammazione-e-PAF-che-causano-la-maggior-parte-delle-malattie-croniche_articleimage-4-300x200.jpg",300,200,true],"medium_large":["https:\/\/www.geklab.com\/wp-content\/uploads\/2024\/04\/Colesterolo-in-forse-sono-infiammazione-e-PAF-che-causano-la-maggior-parte-delle-malattie-croniche_articleimage-4.jpg",750,500,false],"large":["https:\/\/www.geklab.com\/wp-content\/uploads\/2024\/04\/Colesterolo-in-forse-sono-infiammazione-e-PAF-che-causano-la-maggior-parte-delle-malattie-croniche_articleimage-4.jpg",750,500,false],"1536x1536":["https:\/\/www.geklab.com\/wp-content\/uploads\/2024\/04\/Colesterolo-in-forse-sono-infiammazione-e-PAF-che-causano-la-maggior-parte-delle-malattie-croniche_articleimage-4.jpg",750,500,false],"2048x2048":["https:\/\/www.geklab.com\/wp-content\/uploads\/2024\/04\/Colesterolo-in-forse-sono-infiammazione-e-PAF-che-causano-la-maggior-parte-delle-malattie-croniche_articleimage-4.jpg",750,500,false],"xs-thumb":["https:\/\/www.geklab.com\/wp-content\/uploads\/2024\/04\/Colesterolo-in-forse-sono-infiammazione-e-PAF-che-causano-la-maggior-parte-delle-malattie-croniche_articleimage-4.jpg",64,43,false],"woocommerce_archive_thumbnail":["https:\/\/www.geklab.com\/wp-content\/uploads\/2024\/04\/Colesterolo-in-forse-sono-infiammazione-e-PAF-che-causano-la-maggior-parte-delle-malattie-croniche_articleimage-4-300x400.jpg",300,400,true],"woocommerce_thumbnail":["https:\/\/www.geklab.com\/wp-content\/uploads\/2024\/04\/Colesterolo-in-forse-sono-infiammazione-e-PAF-che-causano-la-maggior-parte-delle-malattie-croniche_articleimage-4-300x400.jpg",300,400,true],"woocommerce_single":["https:\/\/www.geklab.com\/wp-content\/uploads\/2024\/04\/Colesterolo-in-forse-sono-infiammazione-e-PAF-che-causano-la-maggior-parte-delle-malattie-croniche_articleimage-4-600x400.jpg",600,400,true],"woocommerce_gallery_thumbnail":["https:\/\/www.geklab.com\/wp-content\/uploads\/2024\/04\/Colesterolo-in-forse-sono-infiammazione-e-PAF-che-causano-la-maggior-parte-delle-malattie-croniche_articleimage-4-100x100.jpg",50,50,true]},"post_excerpt_stackable":"<p>La inflamaci\u00f3n es un proceso fisiol\u00f3gico en s\u00ed mismo positivo, necesario para defender al organismo. M\u00faltiples factores, como los desequilibrios alimentarios o las infecciones virales cr\u00f3nicas, pueden generar una condici\u00f3n inflamatoria cr\u00f3nica y persistente que est\u00e1 en la base de diversas patolog\u00edas.<\/p>\n","category_list":"<a href=\"https:\/\/www.geklab.com\/es\/categoria\/conocimientos-cientificos\/\" rel=\"category tag\">Conocimientos Cient\u00edficos<\/a>, <a href=\"https:\/\/www.geklab.com\/es\/categoria\/noticias-articulos\/\" rel=\"category tag\">Noticias y Art\u00edculos<\/a>","author_info":{"name":"Eugenio Spagnolini","url":"https:\/\/www.geklab.com\/es\/author\/eugenio\/"},"comments_num":"0 comments","yoast_head":"<!-- This site is optimized with the Yoast SEO plugin v21.7 - https:\/\/yoast.com\/wordpress\/plugins\/seo\/ -->\n<title>\u00bfY si fuera toda culpa de la inflamaci\u00f3n?<\/title>\n<meta name=\"description\" content=\"Los desequilibrios alimentarios pueden generar una condici\u00f3n inflamatoria cr\u00f3nica y persistente que est\u00e1 en la base de diversas patolog\u00edas.\" \/>\n<meta name=\"robots\" content=\"index, follow, max-snippet:-1, max-image-preview:large, max-video-preview:-1\" \/>\n<link rel=\"canonical\" href=\"https:\/\/www.geklab.com\/es\/y-si-fuera-toda-culpa-de-la-inflamacion\/\" \/>\n<meta property=\"og:locale\" content=\"es_ES\" \/>\n<meta property=\"og:type\" content=\"article\" \/>\n<meta property=\"og:title\" content=\"\u00bfY si fuera toda culpa de la inflamaci\u00f3n?\" \/>\n<meta property=\"og:description\" content=\"Los desequilibrios alimentarios pueden generar una condici\u00f3n inflamatoria cr\u00f3nica y persistente que est\u00e1 en la base de diversas patolog\u00edas.\" \/>\n<meta property=\"og:url\" content=\"https:\/\/www.geklab.com\/es\/y-si-fuera-toda-culpa-de-la-inflamacion\/\" \/>\n<meta property=\"og:site_name\" content=\"GEK Lab\" \/>\n<meta property=\"article:publisher\" content=\"https:\/\/www.facebook.com\/geklab.official\" \/>\n<meta property=\"article:published_time\" content=\"2020-04-09T14:42:00+00:00\" \/>\n<meta property=\"article:modified_time\" content=\"2026-04-28T16:00:59+00:00\" \/>\n<meta property=\"og:image\" content=\"https:\/\/www.geklab.com\/wp-content\/uploads\/2024\/04\/Colesterolo-in-forse-sono-infiammazione-e-PAF-che-causano-la-maggior-parte-delle-malattie-croniche_articleimage-4.jpg\" \/>\n\t<meta property=\"og:image:width\" content=\"750\" \/>\n\t<meta property=\"og:image:height\" content=\"500\" \/>\n\t<meta property=\"og:image:type\" content=\"image\/jpeg\" \/>\n<meta name=\"author\" content=\"Eugenio Spagnolini\" \/>\n<meta name=\"twitter:card\" content=\"summary_large_image\" \/>\n<meta name=\"twitter:label1\" content=\"Written by\" \/>\n\t<meta name=\"twitter:data1\" content=\"Eugenio Spagnolini\" \/>\n\t<meta name=\"twitter:label2\" content=\"Est. reading time\" \/>\n\t<meta name=\"twitter:data2\" content=\"12 minutes\" \/>\n<script type=\"application\/ld+json\" class=\"yoast-schema-graph\">{\"@context\":\"https:\/\/schema.org\",\"@graph\":[{\"@type\":\"Article\",\"@id\":\"https:\/\/www.geklab.com\/es\/y-si-fuera-toda-culpa-de-la-inflamacion\/#article\",\"isPartOf\":{\"@id\":\"https:\/\/www.geklab.com\/es\/y-si-fuera-toda-culpa-de-la-inflamacion\/\"},\"author\":{\"name\":\"Eugenio Spagnolini\",\"@id\":\"https:\/\/www.geklab.com\/#\/schema\/person\/e1adf7ed5f87cbfa6f7e001256e1dc5d\"},\"headline\":\"\u00bfY si fuera toda culpa de la inflamaci\u00f3n?\",\"datePublished\":\"2020-04-09T14:42:00+00:00\",\"dateModified\":\"2026-04-28T16:00:59+00:00\",\"mainEntityOfPage\":{\"@id\":\"https:\/\/www.geklab.com\/es\/y-si-fuera-toda-culpa-de-la-inflamacion\/\"},\"wordCount\":2268,\"publisher\":{\"@id\":\"https:\/\/www.geklab.com\/#organization\"},\"keywords\":[\"Alb\u00famina glicada\",\"BAFF\",\"Colesterol\",\"Diabetes\",\"Glicaci\u00f3n\",\"Glyco Medical Program\",\"Inflamaci\u00f3n\",\"Metilglioxal\",\"Obesidad\",\"PAF\",\"Recaller Medical Program\",\"Tiroide\"],\"articleSection\":[\"Conocimientos Cient\u00edficos\",\"Noticias y Art\u00edculos\"],\"inLanguage\":\"es-ES\"},{\"@type\":\"WebPage\",\"@id\":\"https:\/\/www.geklab.com\/es\/y-si-fuera-toda-culpa-de-la-inflamacion\/\",\"url\":\"https:\/\/www.geklab.com\/es\/y-si-fuera-toda-culpa-de-la-inflamacion\/\",\"name\":\"\u00bfY si fuera toda culpa de la inflamaci\u00f3n?\",\"isPartOf\":{\"@id\":\"https:\/\/www.geklab.com\/#website\"},\"datePublished\":\"2020-04-09T14:42:00+00:00\",\"dateModified\":\"2026-04-28T16:00:59+00:00\",\"description\":\"Los desequilibrios alimentarios pueden generar una condici\u00f3n inflamatoria cr\u00f3nica y persistente que est\u00e1 en la base de diversas patolog\u00edas.\",\"breadcrumb\":{\"@id\":\"https:\/\/www.geklab.com\/es\/y-si-fuera-toda-culpa-de-la-inflamacion\/#breadcrumb\"},\"inLanguage\":\"es-ES\",\"potentialAction\":[{\"@type\":\"ReadAction\",\"target\":[\"https:\/\/www.geklab.com\/es\/y-si-fuera-toda-culpa-de-la-inflamacion\/\"]}]},{\"@type\":\"BreadcrumbList\",\"@id\":\"https:\/\/www.geklab.com\/es\/y-si-fuera-toda-culpa-de-la-inflamacion\/#breadcrumb\",\"itemListElement\":[{\"@type\":\"ListItem\",\"position\":1,\"name\":\"Home\",\"item\":\"https:\/\/www.geklab.com\/es\/\"},{\"@type\":\"ListItem\",\"position\":2,\"name\":\"\u00bfY si fuera toda culpa de la inflamaci\u00f3n?\"}]},{\"@type\":\"WebSite\",\"@id\":\"https:\/\/www.geklab.com\/#website\",\"url\":\"https:\/\/www.geklab.com\/\",\"name\":\"GEK Lab\",\"description\":\"Science of Nutrition\",\"publisher\":{\"@id\":\"https:\/\/www.geklab.com\/#organization\"},\"potentialAction\":[{\"@type\":\"SearchAction\",\"target\":{\"@type\":\"EntryPoint\",\"urlTemplate\":\"https:\/\/www.geklab.com\/?s={search_term_string}\"},\"query-input\":\"required name=search_term_string\"}],\"inLanguage\":\"es-ES\"},{\"@type\":\"Organization\",\"@id\":\"https:\/\/www.geklab.com\/#organization\",\"name\":\"GEK Lab\",\"url\":\"https:\/\/www.geklab.com\/\",\"logo\":{\"@type\":\"ImageObject\",\"inLanguage\":\"es-ES\",\"@id\":\"https:\/\/www.geklab.com\/#\/schema\/logo\/image\/\",\"url\":\"https:\/\/www.geklab.com\/wp-content\/uploads\/2025\/03\/gek-vertical.jpg\",\"contentUrl\":\"https:\/\/www.geklab.com\/wp-content\/uploads\/2025\/03\/gek-vertical.jpg\",\"width\":696,\"height\":696,\"caption\":\"GEK Lab\"},\"image\":{\"@id\":\"https:\/\/www.geklab.com\/#\/schema\/logo\/image\/\"},\"sameAs\":[\"https:\/\/www.facebook.com\/geklab.official\",\"https:\/\/www.instagram.com\/geklab.official\/\",\"https:\/\/www.linkedin.com\/company\/gek-srl\/\"]},{\"@type\":\"Person\",\"@id\":\"https:\/\/www.geklab.com\/#\/schema\/person\/e1adf7ed5f87cbfa6f7e001256e1dc5d\",\"name\":\"Eugenio Spagnolini\",\"image\":{\"@type\":\"ImageObject\",\"inLanguage\":\"es-ES\",\"@id\":\"https:\/\/www.geklab.com\/#\/schema\/person\/image\/\",\"url\":\"https:\/\/secure.gravatar.com\/avatar\/a0886b694b523d957024c318a9efca54?s=96&d=mm&r=g\",\"contentUrl\":\"https:\/\/secure.gravatar.com\/avatar\/a0886b694b523d957024c318a9efca54?s=96&d=mm&r=g\",\"caption\":\"Eugenio Spagnolini\"}}]}<\/script>\n<!-- \/ Yoast SEO plugin. -->","yoast_head_json":{"title":"\u00bfY si fuera toda culpa de la inflamaci\u00f3n?","description":"Los desequilibrios alimentarios pueden generar una condici\u00f3n inflamatoria cr\u00f3nica y persistente que est\u00e1 en la base de diversas patolog\u00edas.","robots":{"index":"index","follow":"follow","max-snippet":"max-snippet:-1","max-image-preview":"max-image-preview:large","max-video-preview":"max-video-preview:-1"},"canonical":"https:\/\/www.geklab.com\/es\/y-si-fuera-toda-culpa-de-la-inflamacion\/","og_locale":"es_ES","og_type":"article","og_title":"\u00bfY si fuera toda culpa de la inflamaci\u00f3n?","og_description":"Los desequilibrios alimentarios pueden generar una condici\u00f3n inflamatoria cr\u00f3nica y persistente que est\u00e1 en la base de diversas patolog\u00edas.","og_url":"https:\/\/www.geklab.com\/es\/y-si-fuera-toda-culpa-de-la-inflamacion\/","og_site_name":"GEK Lab","article_publisher":"https:\/\/www.facebook.com\/geklab.official","article_published_time":"2020-04-09T14:42:00+00:00","article_modified_time":"2026-04-28T16:00:59+00:00","og_image":[{"width":750,"height":500,"url":"https:\/\/www.geklab.com\/wp-content\/uploads\/2024\/04\/Colesterolo-in-forse-sono-infiammazione-e-PAF-che-causano-la-maggior-parte-delle-malattie-croniche_articleimage-4.jpg","type":"image\/jpeg"}],"author":"Eugenio Spagnolini","twitter_card":"summary_large_image","twitter_misc":{"Written by":"Eugenio Spagnolini","Est. reading time":"12 minutes"},"schema":{"@context":"https:\/\/schema.org","@graph":[{"@type":"Article","@id":"https:\/\/www.geklab.com\/es\/y-si-fuera-toda-culpa-de-la-inflamacion\/#article","isPartOf":{"@id":"https:\/\/www.geklab.com\/es\/y-si-fuera-toda-culpa-de-la-inflamacion\/"},"author":{"name":"Eugenio Spagnolini","@id":"https:\/\/www.geklab.com\/#\/schema\/person\/e1adf7ed5f87cbfa6f7e001256e1dc5d"},"headline":"\u00bfY si fuera toda culpa de la inflamaci\u00f3n?","datePublished":"2020-04-09T14:42:00+00:00","dateModified":"2026-04-28T16:00:59+00:00","mainEntityOfPage":{"@id":"https:\/\/www.geklab.com\/es\/y-si-fuera-toda-culpa-de-la-inflamacion\/"},"wordCount":2268,"publisher":{"@id":"https:\/\/www.geklab.com\/#organization"},"keywords":["Alb\u00famina glicada","BAFF","Colesterol","Diabetes","Glicaci\u00f3n","Glyco Medical Program","Inflamaci\u00f3n","Metilglioxal","Obesidad","PAF","Recaller Medical Program","Tiroide"],"articleSection":["Conocimientos Cient\u00edficos","Noticias y Art\u00edculos"],"inLanguage":"es-ES"},{"@type":"WebPage","@id":"https:\/\/www.geklab.com\/es\/y-si-fuera-toda-culpa-de-la-inflamacion\/","url":"https:\/\/www.geklab.com\/es\/y-si-fuera-toda-culpa-de-la-inflamacion\/","name":"\u00bfY si fuera toda culpa de la inflamaci\u00f3n?","isPartOf":{"@id":"https:\/\/www.geklab.com\/#website"},"datePublished":"2020-04-09T14:42:00+00:00","dateModified":"2026-04-28T16:00:59+00:00","description":"Los desequilibrios alimentarios pueden generar una condici\u00f3n inflamatoria cr\u00f3nica y persistente que est\u00e1 en la base de diversas patolog\u00edas.","breadcrumb":{"@id":"https:\/\/www.geklab.com\/es\/y-si-fuera-toda-culpa-de-la-inflamacion\/#breadcrumb"},"inLanguage":"es-ES","potentialAction":[{"@type":"ReadAction","target":["https:\/\/www.geklab.com\/es\/y-si-fuera-toda-culpa-de-la-inflamacion\/"]}]},{"@type":"BreadcrumbList","@id":"https:\/\/www.geklab.com\/es\/y-si-fuera-toda-culpa-de-la-inflamacion\/#breadcrumb","itemListElement":[{"@type":"ListItem","position":1,"name":"Home","item":"https:\/\/www.geklab.com\/es\/"},{"@type":"ListItem","position":2,"name":"\u00bfY si fuera toda culpa de la inflamaci\u00f3n?"}]},{"@type":"WebSite","@id":"https:\/\/www.geklab.com\/#website","url":"https:\/\/www.geklab.com\/","name":"GEK Lab","description":"Science of Nutrition","publisher":{"@id":"https:\/\/www.geklab.com\/#organization"},"potentialAction":[{"@type":"SearchAction","target":{"@type":"EntryPoint","urlTemplate":"https:\/\/www.geklab.com\/?s={search_term_string}"},"query-input":"required name=search_term_string"}],"inLanguage":"es-ES"},{"@type":"Organization","@id":"https:\/\/www.geklab.com\/#organization","name":"GEK Lab","url":"https:\/\/www.geklab.com\/","logo":{"@type":"ImageObject","inLanguage":"es-ES","@id":"https:\/\/www.geklab.com\/#\/schema\/logo\/image\/","url":"https:\/\/www.geklab.com\/wp-content\/uploads\/2025\/03\/gek-vertical.jpg","contentUrl":"https:\/\/www.geklab.com\/wp-content\/uploads\/2025\/03\/gek-vertical.jpg","width":696,"height":696,"caption":"GEK Lab"},"image":{"@id":"https:\/\/www.geklab.com\/#\/schema\/logo\/image\/"},"sameAs":["https:\/\/www.facebook.com\/geklab.official","https:\/\/www.instagram.com\/geklab.official\/","https:\/\/www.linkedin.com\/company\/gek-srl\/"]},{"@type":"Person","@id":"https:\/\/www.geklab.com\/#\/schema\/person\/e1adf7ed5f87cbfa6f7e001256e1dc5d","name":"Eugenio Spagnolini","image":{"@type":"ImageObject","inLanguage":"es-ES","@id":"https:\/\/www.geklab.com\/#\/schema\/person\/image\/","url":"https:\/\/secure.gravatar.com\/avatar\/a0886b694b523d957024c318a9efca54?s=96&d=mm&r=g","contentUrl":"https:\/\/secure.gravatar.com\/avatar\/a0886b694b523d957024c318a9efca54?s=96&d=mm&r=g","caption":"Eugenio Spagnolini"}}]}},"uagb_featured_image_src":{"full":["https:\/\/www.geklab.com\/wp-content\/uploads\/2024\/04\/Colesterolo-in-forse-sono-infiammazione-e-PAF-che-causano-la-maggior-parte-delle-malattie-croniche_articleimage-4.jpg",750,500,false],"thumbnail":["https:\/\/www.geklab.com\/wp-content\/uploads\/2024\/04\/Colesterolo-in-forse-sono-infiammazione-e-PAF-che-causano-la-maggior-parte-delle-malattie-croniche_articleimage-4-150x150.jpg",150,150,true],"medium":["https:\/\/www.geklab.com\/wp-content\/uploads\/2024\/04\/Colesterolo-in-forse-sono-infiammazione-e-PAF-che-causano-la-maggior-parte-delle-malattie-croniche_articleimage-4-300x200.jpg",300,200,true],"medium_large":["https:\/\/www.geklab.com\/wp-content\/uploads\/2024\/04\/Colesterolo-in-forse-sono-infiammazione-e-PAF-che-causano-la-maggior-parte-delle-malattie-croniche_articleimage-4.jpg",750,500,false],"large":["https:\/\/www.geklab.com\/wp-content\/uploads\/2024\/04\/Colesterolo-in-forse-sono-infiammazione-e-PAF-che-causano-la-maggior-parte-delle-malattie-croniche_articleimage-4.jpg",750,500,false],"1536x1536":["https:\/\/www.geklab.com\/wp-content\/uploads\/2024\/04\/Colesterolo-in-forse-sono-infiammazione-e-PAF-che-causano-la-maggior-parte-delle-malattie-croniche_articleimage-4.jpg",750,500,false],"2048x2048":["https:\/\/www.geklab.com\/wp-content\/uploads\/2024\/04\/Colesterolo-in-forse-sono-infiammazione-e-PAF-che-causano-la-maggior-parte-delle-malattie-croniche_articleimage-4.jpg",750,500,false],"xs-thumb":["https:\/\/www.geklab.com\/wp-content\/uploads\/2024\/04\/Colesterolo-in-forse-sono-infiammazione-e-PAF-che-causano-la-maggior-parte-delle-malattie-croniche_articleimage-4.jpg",64,43,false],"woocommerce_archive_thumbnail":["https:\/\/www.geklab.com\/wp-content\/uploads\/2024\/04\/Colesterolo-in-forse-sono-infiammazione-e-PAF-che-causano-la-maggior-parte-delle-malattie-croniche_articleimage-4-300x400.jpg",300,400,true],"woocommerce_thumbnail":["https:\/\/www.geklab.com\/wp-content\/uploads\/2024\/04\/Colesterolo-in-forse-sono-infiammazione-e-PAF-che-causano-la-maggior-parte-delle-malattie-croniche_articleimage-4-300x400.jpg",300,400,true],"woocommerce_single":["https:\/\/www.geklab.com\/wp-content\/uploads\/2024\/04\/Colesterolo-in-forse-sono-infiammazione-e-PAF-che-causano-la-maggior-parte-delle-malattie-croniche_articleimage-4-600x400.jpg",600,400,true],"woocommerce_gallery_thumbnail":["https:\/\/www.geklab.com\/wp-content\/uploads\/2024\/04\/Colesterolo-in-forse-sono-infiammazione-e-PAF-che-causano-la-maggior-parte-delle-malattie-croniche_articleimage-4-100x100.jpg",50,50,true]},"uagb_author_info":{"display_name":"Eugenio Spagnolini","author_link":"https:\/\/www.geklab.com\/es\/author\/eugenio\/"},"uagb_comment_info":0,"uagb_excerpt":"La inflamaci\u00f3n es un proceso fisiol\u00f3gico en s\u00ed mismo positivo, necesario para defender al organismo. M\u00faltiples factores, como los desequilibrios alimentarios o las infecciones virales cr\u00f3nicas, pueden generar una condici\u00f3n inflamatoria cr\u00f3nica y persistente que est\u00e1 en la base de diversas patolog\u00edas.","_links":{"self":[{"href":"https:\/\/www.geklab.com\/es\/wp-json\/wp\/v2\/posts\/18582","targetHints":{"allow":["GET"]}}],"collection":[{"href":"https:\/\/www.geklab.com\/es\/wp-json\/wp\/v2\/posts"}],"about":[{"href":"https:\/\/www.geklab.com\/es\/wp-json\/wp\/v2\/types\/post"}],"author":[{"embeddable":true,"href":"https:\/\/www.geklab.com\/es\/wp-json\/wp\/v2\/users\/10"}],"replies":[{"embeddable":true,"href":"https:\/\/www.geklab.com\/es\/wp-json\/wp\/v2\/comments?post=18582"}],"version-history":[{"count":21,"href":"https:\/\/www.geklab.com\/es\/wp-json\/wp\/v2\/posts\/18582\/revisions"}],"predecessor-version":[{"id":27282,"href":"https:\/\/www.geklab.com\/es\/wp-json\/wp\/v2\/posts\/18582\/revisions\/27282"}],"wp:featuredmedia":[{"embeddable":true,"href":"https:\/\/www.geklab.com\/es\/wp-json\/wp\/v2\/media\/13033"}],"wp:attachment":[{"href":"https:\/\/www.geklab.com\/es\/wp-json\/wp\/v2\/media?parent=18582"}],"wp:term":[{"taxonomy":"category","embeddable":true,"href":"https:\/\/www.geklab.com\/es\/wp-json\/wp\/v2\/categories?post=18582"},{"taxonomy":"post_tag","embeddable":true,"href":"https:\/\/www.geklab.com\/es\/wp-json\/wp\/v2\/tags?post=18582"}],"curies":[{"name":"wp","href":"https:\/\/api.w.org\/{rel}","templated":true}]}}