{"id":18369,"date":"2022-03-04T11:14:55","date_gmt":"2022-03-04T10:14:55","guid":{"rendered":"https:\/\/www.geklab.com\/predisposizione-genetica-tnfsf13b-e-autoimmunita\/"},"modified":"2025-02-18T18:36:11","modified_gmt":"2025-02-18T17:36:11","slug":"predisposiciones-geneticas-tnfsf13b-y-autoinmunidad","status":"publish","type":"post","link":"https:\/\/www.geklab.com\/es\/predisposiciones-geneticas-tnfsf13b-y-autoinmunidad\/","title":{"rendered":"Predisposiciones gen\u00e9ticas: TNFSF13B y autoinmunidad"},"content":{"rendered":"<figure class=\"wp-block-image alignleft size-full is-resized\"><img loading=\"lazy\" decoding=\"async\" width=\"1000\" height=\"667\" src=\"https:\/\/www.geklab.com\/wp-content\/uploads\/2022\/03\/dna.jpg\" alt=\"\" class=\"wp-image-8582\" style=\"width:482px;height:auto\" srcset=\"https:\/\/www.geklab.com\/wp-content\/uploads\/2022\/03\/dna.jpg 1000w, https:\/\/www.geklab.com\/wp-content\/uploads\/2022\/03\/dna-600x400.jpg 600w, https:\/\/www.geklab.com\/wp-content\/uploads\/2022\/03\/dna-300x200.jpg 300w, https:\/\/www.geklab.com\/wp-content\/uploads\/2022\/03\/dna-768x512.jpg 768w\" sizes=\"auto, (max-width: 1000px) 100vw, 1000px\" \/><\/figure><p>En la base de las <strong>patolog\u00edas autoinmunes<\/strong> (como por ejemplo la tiroiditis de Hashimoto, la artritis reumatoide, el s\u00edndrome de Sj\u00f6gren, el lupus eritematoso sist\u00e9mico, algunas formas de conectivopat\u00edas, la enfermedad de Crohn, etc.) est\u00e1 un reconocimiento incorrecto por parte del sistema inmunitario de los tejidos u \u00f3rganos de nuestro propio organismo.<\/p><p>Las c\u00e9lulas del sistema inmunitario se &#8220;confunden&#8221; y &#8220;atacan&#8221; tejidos sanos, generando una <strong>respuesta inflamatoria cr\u00f3nica<\/strong>.<\/p><p>Aunque puede haber diferentes factores en el origen de las enfermedades autoinmunes, el denominador com\u00fan que a menudo est\u00e1 presente en el organismo es el <strong>proceso inflamatorio<\/strong> que se mantiene por s\u00ed mismo y se vuelve cr\u00f3nico.<\/p><p>Se estima que las enfermedades autoinmunes, en conjunto, afectan al <strong>3% de la poblaci\u00f3n<\/strong>, lo que en Italia representa m\u00e1s de un mill\u00f3n y medio de personas.<\/p><blockquote class=\"wp-block-stackable-blockquote stk-block-blockquote stk-block stk-8339d85 is-style-simple\" data-v=\"2\" data-block-id=\"8339d85\"><style>.stk-8339d85{margin-bottom:0px !important}<\/style><div class=\"has-text-align-left stk-block-blockquote__content stk-container stk-8339d85-container stk--no-background stk--no-padding\"><div class=\"stk-block-content stk-inner-blocks\"><div class=\"wp-block-stackable-icon stk-block-icon stk-block stk-3ce51f5\" data-block-id=\"3ce51f5\"><style>.stk-3ce51f5{left:-50px !important;position:absolute !important;opacity:0.2 !important}.stk-3ce51f5 .stk--svg-wrapper .stk--inner-svg svg:last-child{height:100px !important;width:100px !important}.stk-3ce51f5 .stk--svg-wrapper .stk--inner-svg svg:last-child,.stk-3ce51f5 .stk--svg-wrapper .stk--inner-svg svg:last-child :is(g,path,rect,polygon,ellipse){fill:var(--theme-palette-color-1,#088fa8) !important}@media screen and (max-width:767px){.stk-3ce51f5{left:0px !important}}<\/style><span class=\"stk--svg-wrapper\"><div class=\"stk--inner-svg\"><svg style=\"height:0;width:0\"><defs><linearGradient id=\"linear-gradient-3ce51f5\" x1=\"0\" x2=\"100%\" y1=\"0\" y2=\"0\"><stop offset=\"0%\" style=\"stop-opacity:1;stop-color:var(--linear-gradient-3-ce-51-f-5-color-1)\"><\/stop><stop offset=\"100%\" style=\"stop-opacity:1;stop-color:var(--linear-gradient-3-ce-51-f-5-color-2)\"><\/stop><\/linearGradient><\/defs><\/svg><svg xmlns=\"http:\/\/www.w3.org\/2000\/svg\" viewBox=\"0 0 50 50\" aria-hidden=\"true\" width=\"32\" height=\"32\"><path d=\"M22.3 30.5c0 6-4.8 10.8-10.8 10.8-2.3 0-4.5-.8-6.3-2-.9-.6-1.8-1.4-2.5-2.4-1.8-2.4-2.7-5.4-2.7-9 0-4.5 1.3-8.5 4-11.9 2.7-3.4 6.4-5.8 11.1-7.3v2.8c-2.7 2.2-4.4 5-4.9 8.3.4-.1.9-.1 1.3-.1 6-.1 10.8 4.8 10.8 10.8zm16.9-10.9c-.5 0-.9 0-1.3.1.5-3.3 2.2-6.1 4.9-8.3V8.7c-4.7 1.4-8.4 3.9-11.1 7.3-2.7 3.4-4 7.4-4 11.9 0 3.6.9 6.6 2.7 9 .8 1 1.6 1.8 2.5 2.4 1.8 1.3 3.9 2 6.3 2 6 0 10.8-4.8 10.8-10.8 0-6-4.8-10.9-10.8-10.9z\"><\/path><\/svg><\/div><\/span><\/div>\n\n<div class=\"wp-block-stackable-text stk-block-text stk-block stk-1c8d967\" data-block-id=\"1c8d967\"><style>.stk-1c8d967 .stk-block-text__text{font-size:25px !important}@media screen and (max-width:1023px){.stk-1c8d967 .stk-block-text__text{font-size:25px !important}}<\/style><p class=\"stk-block-text__text\"><strong><span style=\"color: var(--theme-palette-color-1, #088fa8);\" class=\"stk-highlight\">Colectivamente, todas las enfermedades autoinmunes representan una carga considerable para el sistema de salud p\u00fablica. De hecho, hay muchos pacientes con enfermedades autoinmunes que requieren atenci\u00f3n m\u00e9dica durante d\u00e9cadas.<\/span><\/strong><\/p><\/div><\/div><\/div><\/blockquote><div style=\"height:20px\" aria-hidden=\"true\" class=\"wp-block-spacer\"><\/div><style>.kadence-column18369_3af642-d5 > .kt-inside-inner-col,.kadence-column18369_3af642-d5 > .kt-inside-inner-col:before{border-top-left-radius:30px;border-top-right-radius:30px;border-bottom-right-radius:30px;border-bottom-left-radius:30px;}.kadence-column18369_3af642-d5 > .kt-inside-inner-col{background-color:#ebebeb;}.kadence-column18369_3af642-d5 > .kt-inside-inner-col:before{opacity:0.3;}.kadence-column18369_3af642-d5{position:relative;}<\/style>\n<div class=\"wp-block-kadence-column kadence-column18369_3af642-d5 kadence-column_33b0ff-ad\"><div class=\"kt-inside-inner-col\"><style>.kb-row-layout-wrap.wp-block-kadence-rowlayout.kb-row-layout-id18369_c340d4-40{margin-top:0px;margin-bottom:0px;}.kb-row-layout-id18369_c340d4-40 > .kt-row-column-wrap{align-content:center;}:where(.kb-row-layout-id18369_c340d4-40 > .kt-row-column-wrap) > .wp-block-kadence-column{justify-content:center;}.kb-row-layout-id18369_c340d4-40 > .kt-row-column-wrap{column-gap:var(--global-kb-gap-md, 2rem);row-gap:var(--global-kb-gap-md, 2rem);padding-top:0px;padding-bottom:10px;padding-left:250px;grid-template-columns:minmax(0, 80%) minmax(0, 20%);}.kb-row-layout-id18369_c340d4-40{background-image:url('https:\/\/www.geklab.com\/wp-content\/uploads\/2022\/06\/slider4-copia-1.png');background-size:contain;background-position:3% 100%;background-attachment:scroll;background-repeat:no-repeat;}.kb-row-layout-id18369_c340d4-40 > .kt-row-layout-overlay{opacity:0.30;}.kb-row-layout-id18369_c340d4-40 .kt-row-layout-bottom-sep{height:100px;}.kb-row-layout-id18369_c340d4-40 .kt-row-layout-bottom-sep svg{width:100%;}.kb-row-layout-id18369_c340d4-40 .kt-row-layout-bottom-sep svg{fill:#ffffff!important;}@media all and (max-width: 1024px){.kb-row-layout-id18369_c340d4-40 > .kt-row-column-wrap{padding-right:0px;padding-left:45px;grid-template-columns:minmax(0, 2fr) minmax(0, 1fr);}}@media all and (max-width: 1024px){.kb-row-layout-id18369_c340d4-40{background-image:none !important;}}@media all and (max-width: 1024px){.kb-row-layout-id18369_c340d4-40 [id*=\"jarallax-container-\"]{display:none !important;}}@media all and (max-width: 1024px){.kb-row-layout-id18369_c340d4-40 .kt-row-layout-bottom-sep{height:px;}}@media all and (max-width: 1024px){.kb-row-layout-id18369_c340d4-40 .kt-row-layout-bottom-sep svg{width:%;}}@media all and (max-width: 767px){.kb-row-layout-id18369_c340d4-40 > .kt-row-column-wrap{column-gap:var(--global-kb-gap-none, 0 );row-gap:var(--global-kb-gap-none, 0 );padding-top:30px;padding-right:20px;padding-bottom:20px;padding-left:20px;grid-template-columns:minmax(0, 1fr);}.kb-row-layout-wrap.wp-block-kadence-rowlayout.kb-row-layout-id18369_c340d4-40{background-image:none !important;}.kb-row-layout-id18369_c340d4-40 [id*=\"jarallax-container-\"]{display:none !important;}.kb-row-layout-id18369_c340d4-40 > .kt-row-layout-overlay{opacity:0.30;background-image:url('https:\/\/www.geklab.com\/wp-content\/uploads\/2022\/09\/copertina.png');background-size:contain;background-position:right bottom;background-attachment:fixed;background-repeat:no-repeat;}.kb-row-layout-id18369_c340d4-40 .kt-row-layout-bottom-sep{height:px;}.kb-row-layout-id18369_c340d4-40 .kt-row-layout-bottom-sep svg{width:%;}}<\/style><div class=\"kb-row-layout-wrap kb-row-layout-id18369_c340d4-40 alignnone kt-row-has-bg wp-block-kadence-rowlayout\"><div class=\"kt-row-layout-overlay kt-row-overlay-normal\"><\/div><div class=\"kt-row-column-wrap kt-has-2-columns kt-row-layout-equal kt-tab-layout-left-golden kt-mobile-layout-row kt-row-valign-middle\">\n<style>.kadence-column18369_b55cd9-02 > .kt-inside-inner-col,.kadence-column18369_b55cd9-02 > .kt-inside-inner-col:before{border-top-left-radius:0px;border-top-right-radius:0px;border-bottom-right-radius:0px;border-bottom-left-radius:0px;}.kadence-column18369_b55cd9-02 > .kt-inside-inner-col:before{opacity:0.3;}.kadence-column18369_b55cd9-02{position:relative;}@media all and (max-width: 767px){.kadence-column18369_b55cd9-02{text-align:center;}}<\/style>\n<div class=\"wp-block-kadence-column kadence-column18369_b55cd9-02 inner-column-1\"><div class=\"kt-inside-inner-col\"><div style=\"height:15px\" aria-hidden=\"true\" class=\"wp-block-spacer\"><\/div>\n\n<div class=\"wp-block-stackable-image stk-block-image has-text-align-left has-text-align-center-mobile stk-block stk-1fd7d15 alignleft\" data-block-id=\"1fd7d15\"><style>.stk-1fd7d15 .stk-img-wrapper{height:50px !important}.stk-1fd7d15 .stk-img-wrapper img{object-position:0% 50% !important;object-fit:contain !important}@media screen and (max-width:767px){.stk-1fd7d15{padding-right:60px !important;padding-left:60px !important}.stk-1fd7d15 .stk-img-wrapper img{object-fit:contain !important}}<\/style><a class=\"stk-link\" href=\"\/perme-test\/\"><div class=\"stk-img-wrapper stk-image--shape-stretch\"><img loading=\"lazy\" decoding=\"async\" class=\"stk-img wp-image-19755\" src=\"https:\/\/www.geklab.com\/wp-content\/uploads\/2025\/02\/PerMe_medical_program.webp\" width=\"1576\" height=\"418\" srcset=\"https:\/\/www.geklab.com\/wp-content\/uploads\/2025\/02\/PerMe_medical_program.webp 1576w, https:\/\/www.geklab.com\/wp-content\/uploads\/2025\/02\/PerMe_medical_program-300x80.webp 300w, https:\/\/www.geklab.com\/wp-content\/uploads\/2025\/02\/PerMe_medical_program-1024x272.webp 1024w, https:\/\/www.geklab.com\/wp-content\/uploads\/2025\/02\/PerMe_medical_program-768x204.webp 768w, https:\/\/www.geklab.com\/wp-content\/uploads\/2025\/02\/PerMe_medical_program-1536x407.webp 1536w, https:\/\/www.geklab.com\/wp-content\/uploads\/2025\/02\/PerMe_medical_program-600x159.webp 600w\" sizes=\"auto, (max-width: 1576px) 100vw, 1576px\" \/><\/div><\/a><\/div>\n\n<div style=\"height:1px\" aria-hidden=\"true\" class=\"wp-block-spacer\"><\/div>\n\n<p>Mide el BAFF y descubre cu\u00e1les son tus predisposiciones gen\u00e9ticas con el<strong> PerM\u00e8<\/strong> <strong>Medical Program<\/strong><\/p><\/div><\/div>\n\n<style>.kadence-column18369_594db0-6e > .kt-inside-inner-col,.kadence-column18369_594db0-6e > .kt-inside-inner-col:before{border-top-left-radius:0px;border-top-right-radius:0px;border-bottom-right-radius:0px;border-bottom-left-radius:0px;}.kadence-column18369_594db0-6e > .kt-inside-inner-col:before{opacity:0.3;}.kadence-column18369_594db0-6e{text-align:center;}.kadence-column18369_594db0-6e{position:relative;}<\/style>\n<div class=\"wp-block-kadence-column kadence-column18369_594db0-6e\"><div class=\"kt-inside-inner-col\"><div class=\"wp-block-stackable-image stk-block-image has-text-align-center stk-block stk-af48962\" data-block-id=\"af48962\"><style>.stk-af48962{margin-bottom:0px !important}.stk-af48962 .stk-img-wrapper{width:150px !important}<\/style><figure><div class=\"stk-img-wrapper stk-image--shape-stretch\"><img loading=\"lazy\" decoding=\"async\" class=\"stk-img wp-image-19908\" src=\"https:\/\/www.geklab.com\/wp-content\/uploads\/2025\/02\/perme-eps-scaled.webp\" width=\"2560\" height=\"2560\" srcset=\"https:\/\/www.geklab.com\/wp-content\/uploads\/2025\/02\/perme-eps-scaled.webp 2560w, https:\/\/www.geklab.com\/wp-content\/uploads\/2025\/02\/perme-eps-300x300.webp 300w, https:\/\/www.geklab.com\/wp-content\/uploads\/2025\/02\/perme-eps-1024x1024.webp 1024w, https:\/\/www.geklab.com\/wp-content\/uploads\/2025\/02\/perme-eps-150x150.webp 150w, https:\/\/www.geklab.com\/wp-content\/uploads\/2025\/02\/perme-eps-768x768.webp 768w, https:\/\/www.geklab.com\/wp-content\/uploads\/2025\/02\/perme-eps-1536x1536.webp 1536w, https:\/\/www.geklab.com\/wp-content\/uploads\/2025\/02\/perme-eps-2048x2048.webp 2048w, https:\/\/www.geklab.com\/wp-content\/uploads\/2025\/02\/perme-eps-64x64.webp 64w, https:\/\/www.geklab.com\/wp-content\/uploads\/2025\/02\/perme-eps-600x600.webp 600w, https:\/\/www.geklab.com\/wp-content\/uploads\/2025\/02\/perme-eps-100x100.webp 100w\" sizes=\"auto, (max-width: 2560px) 100vw, 2560px\" \/><\/div><\/figure><\/div>\n\n<div class=\"wp-block-stackable-button-group stk-block-button-group stk-block stk-5c8f60c\" data-block-id=\"5c8f60c\"><style>.stk-5c8f60c{padding-top:0px !important;padding-right:0px !important;padding-bottom:0px !important;padding-left:0px !important;margin-bottom:0px !important}<\/style><div class=\"stk-row stk-inner-blocks has-text-align-center stk-block-content stk-button-group\"><div class=\"wp-block-stackable-button stk-block-button has-text-align-center stk-block stk-0b72e9d\" data-block-id=\"0b72e9d\"><style>.stk-0b72e9d{margin-top:0px !important;margin-right:0px !important;margin-bottom:0px !important;margin-left:0px !important}<\/style><a class=\"stk-link stk-button stk--hover-effect-darken\" href=\"https:\/\/www.geklab.com\/es\/perme-medical-program\/\"><span class=\"stk-button__inner-text\">Saber m\u00e1s<\/span><\/a><\/div><\/div><\/div><\/div><\/div>\n<\/div><\/div><\/div><\/div><style>.kb-row-layout-id18369_388f2b-be > .kt-row-column-wrap{align-content:start;}:where(.kb-row-layout-id18369_388f2b-be > .kt-row-column-wrap) > .wp-block-kadence-column{justify-content:start;}.kb-row-layout-id18369_388f2b-be > .kt-row-column-wrap{column-gap:var(--global-kb-gap-md, 2rem);row-gap:var(--global-kb-gap-md, 2rem);padding-top:0px;padding-bottom:0px;grid-template-columns:minmax(0, 1fr);}.kb-row-layout-id18369_388f2b-be > .kt-row-layout-overlay{opacity:0.30;}@media all and (max-width: 1024px){.kb-row-layout-id18369_388f2b-be > .kt-row-column-wrap{grid-template-columns:minmax(0, 1fr);}}@media all and (max-width: 767px){.kb-row-layout-id18369_388f2b-be > .kt-row-column-wrap{grid-template-columns:minmax(0, 1fr);}}<\/style><div class=\"kb-row-layout-wrap kb-row-layout-id18369_388f2b-be alignnone wp-block-kadence-rowlayout\"><div class=\"kt-row-column-wrap kt-has-1-columns kt-row-layout-equal kt-tab-layout-inherit kt-mobile-layout-row kt-row-valign-top\">\n<style>.kadence-column18369_a6f321-23 > .kt-inside-inner-col,.kadence-column18369_a6f321-23 > .kt-inside-inner-col:before{border-top-left-radius:0px;border-top-right-radius:0px;border-bottom-right-radius:0px;border-bottom-left-radius:0px;}.kadence-column18369_a6f321-23 > .kt-inside-inner-col:before{opacity:0.3;}.kadence-column18369_a6f321-23{position:relative;}<\/style>\n<div class=\"wp-block-kadence-column kadence-column18369_a6f321-23 inner-column-1\"><div class=\"kt-inside-inner-col\"><p>A veces, una patolog\u00eda autoinmune tambi\u00e9n puede tener una <strong>causa hereditaria<\/strong> o una <strong>predisposici\u00f3n gen\u00e9tica<\/strong>, que puede evolucionar hacia la enfermedad tras <strong>eventos desencadenantes<\/strong> como el estr\u00e9s excesivo, la exposici\u00f3n a medicamentos o agentes bacterianos o virales, una alimentaci\u00f3n desequilibrada o la exposici\u00f3n al humo del cigarrillo.<\/p>\n\n<p>En t\u00e9rminos de prevenci\u00f3n, conocer la presencia o ausencia de una posible <strong>predisposici\u00f3n gen\u00e9tica<\/strong> puede ser de gran ayuda para una mayor conciencia y una visi\u00f3n m\u00e1s completa.<\/p>\n\n<p>Un <a href=\"https:\/\/pubmed.ncbi.nlm.nih.gov\/28445677\/\" target=\"_blank\" rel=\"noreferrer noopener\">estudio multic\u00e9ntrico e internacional<\/a> firmado por la investigadora italiana Maristella Steri y publicado en el <strong>New England Journal of Medicine<\/strong> ha destacado c\u00f3mo una alteraci\u00f3n en el <strong>gen TNFSF13B<\/strong> (llamada<strong> BAFF-var<\/strong>) est\u00e1 asociada a un mayor riesgo (aproximadamente <strong>1,5 veces mayor<\/strong>) de desarrollar enfermedades autoinmunes.<\/p>\n\n<p>En particular, BAFF-var provoca un aumento significativo de los niveles del <strong>B-cell Activating Factor<\/strong> (BAFF), una sustancia inflamatoria que, a su vez, mantiene al sistema inmunitario &#8220;demasiado activo&#8221;.<\/p>\n\n<p>BAFF es una citoquina, es decir, una prote\u00edna que el organismo libera y que act\u00faa como un indicador de procesos inflamatorios sist\u00e9micos.<\/p>\n\n<p>La <a href=\"https:\/\/pubmed.ncbi.nlm.nih.gov\/20353497\/\" target=\"_blank\" rel=\"noreferrer noopener\">relaci\u00f3n de BAFF con la alimentaci\u00f3n es sin duda importante y bien documentada<\/a>. La repetici\u00f3n sistem\u00e1tica del mismo est\u00edmulo alimentario conlleva, en s\u00ed misma, un aumento en la producci\u00f3n de BAFF.<\/p>\n\n<p>Por este motivo, conocer qu\u00e9 <strong>alimentos se consumen en exceso<\/strong> y modularlos durante un per\u00edodo que tambi\u00e9n depende de la propia predisposici\u00f3n gen\u00e9tica puede ser una estrategia innovadora para controlar incluso algunos genes heredados \u201cmenos favorables\u201d.<\/p>\n\n<p>El <strong><a href=\"https:\/\/www.geklab.com\/es\/perme-medical-program\/\">PerM\u00e9 Medical Program<\/a><\/strong>, el <strong><a href=\"https:\/\/www.geklab.com\/es\/recaller-medical-program\/\">Recaller Medical Program<\/a><\/strong> y los productos de <strong><strong><a href=\"https:\/\/www.geklab.com\/es\/screening\/\">Screening<\/a><\/strong><\/strong> permiten analizar la posible predisposici\u00f3n gen\u00e9tica al desarrollo de enfermedades autoinmunes.<\/p>\n\n<div class=\"taxonomy-post_tag wp-block-post-terms\"><a href=\"https:\/\/www.geklab.com\/es\/tag\/autoinmunidad\/\" rel=\"tag\">Autoinmunidad<\/a><span class=\"wp-block-post-terms__separator\">, <\/span><a href=\"https:\/\/www.geklab.com\/es\/tag\/baff-es\/\" rel=\"tag\">BAFF<\/a><span class=\"wp-block-post-terms__separator\">, <\/span><a href=\"https:\/\/www.geklab.com\/es\/tag\/enfermedades-autoinmunes\/\" rel=\"tag\">Enfermedades autoinmunes<\/a><span class=\"wp-block-post-terms__separator\">, <\/span><a href=\"https:\/\/www.geklab.com\/es\/tag\/inflamacion\/\" rel=\"tag\">Inflamaci\u00f3n<\/a><span class=\"wp-block-post-terms__separator\">, <\/span><a href=\"https:\/\/www.geklab.com\/es\/tag\/perme-medical-program\/\" rel=\"tag\">PerM\u00e8 Medical Program<\/a><span class=\"wp-block-post-terms__separator\">, <\/span><a href=\"https:\/\/www.geklab.com\/es\/tag\/recaller-medical-program\/\" rel=\"tag\">Recaller Medical Program<\/a><span class=\"wp-block-post-terms__separator\">, <\/span><a href=\"https:\/\/www.geklab.com\/es\/tag\/tnfsf13b-es\/\" rel=\"tag\">TNFSF13B<\/a><\/div>\n\n<p><em><em><em>Cuidado de la&nbsp;<a href=\"https:\/\/www.geklab.com\/es\/la-redaccion-cientifica\/\">Redacci\u00f3n Cient\u00edfica GEK Lab<\/a><\/em><\/em><\/em><\/p><\/div><\/div>\n<\/div><\/div><div class=\"wp-block-stackable-heading stk-block-heading stk-block-heading--v2 stk-block stk-11692d3\" id=\"articulos-relacionados\" data-block-id=\"11692d3\"><style>.stk-11692d3{margin-bottom:10px !important}.stk-11692d3 .stk-block-heading__text{font-size:30px !important}@media screen and (max-width:1023px){.stk-11692d3 .stk-block-heading__text{font-size:30px !important}}<\/style><h3 class=\"stk-block-heading__text has-text-align-center\">Art\u00edculos relacionados<\/h3><\/div><div class=\"wp-block-uagb-post-grid uagb-post-grid  uagb-post__image-position-top uagb-post__image-enabled uagb-block-ea6d35cb     uagb-post__items uagb-post__columns-3 is-grid uagb-post__columns-tablet-2 uagb-post__columns-mobile-1 uagb-post__equal-height\" data-total=\"13\" style=\"\">\n\n\t\t\t\t\t\t\t\t\t\t\t\t<article class=\"uagb-post__inner-wrap\">\t\t\t\t\t\t\t\t<div class='uagb-post__image'>\n\t\t\t\t\t\t\t\t\t<a href=\"https:\/\/www.geklab.com\/es\/crohn\/\" target=\"_self\" rel=\"bookmark noopener noreferrer\" class='uagb-image-ratio-inherit'><img loading=\"lazy\" decoding=\"async\" width=\"758\" height=\"500\" src=\"https:\/\/www.geklab.com\/wp-content\/uploads\/2025\/05\/Morbo-di-Crohn-l-alimentazione-puo-essere-d-aiuto_articleimage-4.jpg\" class=\"attachment-large size-large\" alt=\"\" srcset=\"https:\/\/www.geklab.com\/wp-content\/uploads\/2025\/05\/Morbo-di-Crohn-l-alimentazione-puo-essere-d-aiuto_articleimage-4.jpg 758w, https:\/\/www.geklab.com\/wp-content\/uploads\/2025\/05\/Morbo-di-Crohn-l-alimentazione-puo-essere-d-aiuto_articleimage-4-300x198.jpg 300w, https:\/\/www.geklab.com\/wp-content\/uploads\/2025\/05\/Morbo-di-Crohn-l-alimentazione-puo-essere-d-aiuto_articleimage-4-600x396.jpg 600w\" sizes=\"auto, (max-width: 758px) 100vw, 758px\" \/>\t\t\t\t\t<\/a>\n\t\t\t\t\t\t\t<\/div>\n\t\t\t\t\t\t<h5 class=\"uagb-post__title uagb-post__text\">\n\t\t\t\t<a href=\"https:\/\/www.geklab.com\/es\/crohn\/\" target=\"_self\" rel=\"bookmark noopener noreferrer\">Enfermedad de Crohn: cuando el intestino se inflama (y c\u00f3mo ayudarlo)<\/a>\n\t\t\t<\/h5>\n\t\t\t\t\t\t<div class='uagb-post__text uagb-post-grid-byline'>\n\t\t\t\t\t\t\t<\/div>\n\t\t\t\t\t\t\t<div class='uagb-post__text uagb-post__excerpt'>\n\t\t\t\t\tLa enfermedad de Crohn (tambi\u00e9n conocida por el nombre ya en desuso de Morbo de&#8230;\t\t\t\t<\/div>\n\t\t\t\t\t\t\t\t\t\t\t\t<\/article>\n\t\t\t\t\t\t\t\t\t\t\t\t\t\t\t\t<article class=\"uagb-post__inner-wrap\">\t\t\t\t\t\t\t\t<div class='uagb-post__image'>\n\t\t\t\t\t\t\t\t\t<a href=\"https:\/\/www.geklab.com\/es\/prueba-de-traje-de-bano\/\" target=\"_self\" rel=\"bookmark noopener noreferrer\" class='uagb-image-ratio-inherit'><img loading=\"lazy\" decoding=\"async\" width=\"753\" height=\"500\" src=\"https:\/\/www.geklab.com\/wp-content\/uploads\/2024\/06\/Prepararsi-alla-prova-costume_articleimage-4.jpg\" class=\"attachment-large size-large\" alt=\"\" srcset=\"https:\/\/www.geklab.com\/wp-content\/uploads\/2024\/06\/Prepararsi-alla-prova-costume_articleimage-4.jpg 753w, https:\/\/www.geklab.com\/wp-content\/uploads\/2024\/06\/Prepararsi-alla-prova-costume_articleimage-4-300x199.jpg 300w, https:\/\/www.geklab.com\/wp-content\/uploads\/2024\/06\/Prepararsi-alla-prova-costume_articleimage-4-600x398.jpg 600w\" sizes=\"auto, (max-width: 753px) 100vw, 753px\" \/>\t\t\t\t\t<\/a>\n\t\t\t\t\t\t\t<\/div>\n\t\t\t\t\t\t<h5 class=\"uagb-post__title uagb-post__text\">\n\t\t\t\t<a href=\"https:\/\/www.geklab.com\/es\/prueba-de-traje-de-bano\/\" target=\"_self\" rel=\"bookmark noopener noreferrer\">Prueba de traje de ba\u00f1o: estrategias para una p\u00e9rdida de peso saludable y eficaz<\/a>\n\t\t\t<\/h5>\n\t\t\t\t\t\t<div class='uagb-post__text uagb-post-grid-byline'>\n\t\t\t\t\t\t\t<\/div>\n\t\t\t\t\t\t\t<div class='uagb-post__text uagb-post__excerpt'>\n\t\t\t\t\tCon l&#8217;arrivo dell&#8217;estate, molte persone iniziano a pensare alla temuta &#8220;prova costume&#8221;. Questo periodo dell&#8217;anno&#8230;\t\t\t\t<\/div>\n\t\t\t\t\t\t\t\t\t\t\t\t<\/article>\n\t\t\t\t\t\t\t\t\t\t\t\t\t\t\t\t<article class=\"uagb-post__inner-wrap\">\t\t\t\t\t\t\t\t<div class='uagb-post__image'>\n\t\t\t\t\t\t\t\t\t<a href=\"https:\/\/www.geklab.com\/es\/depresion-alimentacion-y-metabolismo\/\" target=\"_self\" rel=\"bookmark noopener noreferrer\" class='uagb-image-ratio-inherit'><img loading=\"lazy\" decoding=\"async\" width=\"753\" height=\"500\" src=\"https:\/\/www.geklab.com\/wp-content\/uploads\/2025\/04\/Depressione-come-affrontarla-naturalmente_articleimage-5.jpg\" class=\"attachment-large size-large\" alt=\"\" srcset=\"https:\/\/www.geklab.com\/wp-content\/uploads\/2025\/04\/Depressione-come-affrontarla-naturalmente_articleimage-5.jpg 753w, https:\/\/www.geklab.com\/wp-content\/uploads\/2025\/04\/Depressione-come-affrontarla-naturalmente_articleimage-5-300x199.jpg 300w, https:\/\/www.geklab.com\/wp-content\/uploads\/2025\/04\/Depressione-come-affrontarla-naturalmente_articleimage-5-600x398.jpg 600w\" sizes=\"auto, (max-width: 753px) 100vw, 753px\" \/>\t\t\t\t\t<\/a>\n\t\t\t\t\t\t\t<\/div>\n\t\t\t\t\t\t<h5 class=\"uagb-post__title uagb-post__text\">\n\t\t\t\t<a href=\"https:\/\/www.geklab.com\/es\/depresion-alimentacion-y-metabolismo\/\" target=\"_self\" rel=\"bookmark noopener noreferrer\">Depresi\u00f3n, alimentaci\u00f3n y metabolismo: comprender sus v\u00ednculos y posibles soluciones.<\/a>\n\t\t\t<\/h5>\n\t\t\t\t\t\t<div class='uagb-post__text uagb-post-grid-byline'>\n\t\t\t\t\t\t\t<\/div>\n\t\t\t\t\t\t\t<div class='uagb-post__text uagb-post__excerpt'>\n\t\t\t\t\tLe stime indicano che pi\u00f9 di 3 milioni di italiani convivono con sintomi depressivi, e&#8230;\t\t\t\t<\/div>\n\t\t\t\t\t\t\t\t\t\t\t\t<\/article>\n\t\t\t\t\t\t\t\t\t\t\t<\/div>","protected":false},"excerpt":{"rendered":"<p>Evaluar si tienes una predisposici\u00f3n gen\u00e9tica para desarrollar enfermedades autoinmunes permite implementar estrategias alimentarias y de suplementaci\u00f3n con un enfoque preventivo.<\/p>\n","protected":false},"author":2,"featured_media":8584,"comment_status":"closed","ping_status":"closed","sticky":false,"template":"","format":"standard","meta":{"_uag_custom_page_level_css":"","footnotes":""},"categories":[306,4],"tags":[298,267,299,272,279,302,285],"class_list":["post-18369","post","type-post","status-publish","format-standard","has-post-thumbnail","hentry","category-conocimientos-cientificos","category-noticias-articulos","tag-autoinmunidad","tag-baff-es","tag-enfermedades-autoinmunes","tag-inflamacion","tag-perme-medical-program","tag-recaller-medical-program","tag-tnfsf13b-es"],"blocksy_meta":{"styles_descriptor":{"styles":{"desktop":"","tablet":"","mobile":""},"google_fonts":[],"version":6}},"featured_image_urls":{"full":["https:\/\/www.geklab.com\/wp-content\/uploads\/2022\/03\/dna.jpg",1000,667,false],"thumbnail":["https:\/\/www.geklab.com\/wp-content\/uploads\/2022\/03\/dna-150x150.jpg",150,150,true],"medium":["https:\/\/www.geklab.com\/wp-content\/uploads\/2022\/03\/dna-300x200.jpg",300,200,true],"medium_large":["https:\/\/www.geklab.com\/wp-content\/uploads\/2022\/03\/dna-768x512.jpg",768,512,true],"large":["https:\/\/www.geklab.com\/wp-content\/uploads\/2022\/03\/dna.jpg",1000,667,false],"1536x1536":["https:\/\/www.geklab.com\/wp-content\/uploads\/2022\/03\/dna.jpg",1000,667,false],"2048x2048":["https:\/\/www.geklab.com\/wp-content\/uploads\/2022\/03\/dna.jpg",1000,667,false],"xs-thumb":["https:\/\/www.geklab.com\/wp-content\/uploads\/2022\/03\/dna.jpg",64,43,false],"woocommerce_archive_thumbnail":["https:\/\/www.geklab.com\/wp-content\/uploads\/2022\/03\/dna-300x400.jpg",300,400,true],"woocommerce_thumbnail":["https:\/\/www.geklab.com\/wp-content\/uploads\/2022\/03\/dna-300x400.jpg",300,400,true],"woocommerce_single":["https:\/\/www.geklab.com\/wp-content\/uploads\/2022\/03\/dna-600x400.jpg",600,400,true],"woocommerce_gallery_thumbnail":["https:\/\/www.geklab.com\/wp-content\/uploads\/2022\/03\/dna-100x100.jpg",50,50,true]},"post_excerpt_stackable":"<p>Evaluar si tienes una predisposici\u00f3n gen\u00e9tica para desarrollar enfermedades autoinmunes permite implementar estrategias alimentarias y de suplementaci\u00f3n con un enfoque preventivo.<\/p>\n","category_list":"<a href=\"https:\/\/www.geklab.com\/es\/categoria\/conocimientos-cientificos\/\" rel=\"category tag\">Conocimientos Cient\u00edficos<\/a>, <a href=\"https:\/\/www.geklab.com\/es\/categoria\/noticias-articulos\/\" rel=\"category tag\">Noticias y Art\u00edculos<\/a>","author_info":{"name":"Marcello Granata","url":"https:\/\/www.geklab.com\/es\/author\/marcello\/"},"comments_num":"0 comments","yoast_head":"<!-- This site is optimized with the Yoast SEO plugin v21.7 - https:\/\/yoast.com\/wordpress\/plugins\/seo\/ -->\n<title>Predisposiciones gen\u00e9ticas: TNFSF13B y autoinmunidad<\/title>\n<meta name=\"description\" content=\"Una alteraci\u00f3n en el gen TNFSF13B (conocida como BAFF-var) parece estar asociada con un mayor riesgo de desarrollar enfermedades autoinmunes.\" \/>\n<meta name=\"robots\" content=\"index, follow, max-snippet:-1, max-image-preview:large, max-video-preview:-1\" \/>\n<link rel=\"canonical\" href=\"https:\/\/www.geklab.com\/es\/predisposiciones-geneticas-tnfsf13b-y-autoinmunidad\/\" \/>\n<meta property=\"og:locale\" content=\"es_ES\" \/>\n<meta property=\"og:type\" content=\"article\" \/>\n<meta property=\"og:title\" content=\"Predisposiciones gen\u00e9ticas: TNFSF13B y autoinmunidad\" \/>\n<meta property=\"og:description\" content=\"Una alteraci\u00f3n en el gen TNFSF13B (conocida como BAFF-var) parece estar asociada con un mayor riesgo de desarrollar enfermedades autoinmunes.\" \/>\n<meta property=\"og:url\" content=\"https:\/\/www.geklab.com\/es\/predisposiciones-geneticas-tnfsf13b-y-autoinmunidad\/\" \/>\n<meta property=\"og:site_name\" content=\"GEK Lab\" \/>\n<meta property=\"article:publisher\" content=\"https:\/\/www.facebook.com\/geklab.official\" \/>\n<meta property=\"article:published_time\" content=\"2022-03-04T10:14:55+00:00\" \/>\n<meta property=\"article:modified_time\" content=\"2025-02-18T17:36:11+00:00\" \/>\n<meta property=\"og:image\" content=\"https:\/\/www.geklab.com\/wp-content\/uploads\/2022\/03\/dna.jpg\" \/>\n\t<meta property=\"og:image:width\" content=\"1000\" \/>\n\t<meta property=\"og:image:height\" content=\"667\" \/>\n\t<meta property=\"og:image:type\" content=\"image\/jpeg\" \/>\n<meta name=\"author\" content=\"Marcello Granata\" \/>\n<meta name=\"twitter:card\" content=\"summary_large_image\" \/>\n<meta name=\"twitter:label1\" content=\"Written by\" \/>\n\t<meta name=\"twitter:data1\" content=\"Marcello Granata\" \/>\n\t<meta name=\"twitter:label2\" content=\"Est. reading time\" \/>\n\t<meta name=\"twitter:data2\" content=\"4 minutes\" \/>\n<script type=\"application\/ld+json\" class=\"yoast-schema-graph\">{\"@context\":\"https:\/\/schema.org\",\"@graph\":[{\"@type\":\"Article\",\"@id\":\"https:\/\/www.geklab.com\/es\/predisposiciones-geneticas-tnfsf13b-y-autoinmunidad\/#article\",\"isPartOf\":{\"@id\":\"https:\/\/www.geklab.com\/es\/predisposiciones-geneticas-tnfsf13b-y-autoinmunidad\/\"},\"author\":{\"name\":\"Marcello Granata\",\"@id\":\"https:\/\/www.geklab.com\/#\/schema\/person\/2c8ef150ae357922935aff0f8c88c523\"},\"headline\":\"Predisposiciones gen\u00e9ticas: TNFSF13B y autoinmunidad\",\"datePublished\":\"2022-03-04T10:14:55+00:00\",\"dateModified\":\"2025-02-18T17:36:11+00:00\",\"mainEntityOfPage\":{\"@id\":\"https:\/\/www.geklab.com\/es\/predisposiciones-geneticas-tnfsf13b-y-autoinmunidad\/\"},\"wordCount\":511,\"publisher\":{\"@id\":\"https:\/\/www.geklab.com\/#organization\"},\"keywords\":[\"Autoinmunidad\",\"BAFF\",\"Enfermedades autoinmunes\",\"Inflamaci\u00f3n\",\"PerM\u00e8 Medical Program\",\"Recaller Medical Program\",\"TNFSF13B\"],\"articleSection\":[\"Conocimientos Cient\u00edficos\",\"Noticias y Art\u00edculos\"],\"inLanguage\":\"es-ES\"},{\"@type\":\"WebPage\",\"@id\":\"https:\/\/www.geklab.com\/es\/predisposiciones-geneticas-tnfsf13b-y-autoinmunidad\/\",\"url\":\"https:\/\/www.geklab.com\/es\/predisposiciones-geneticas-tnfsf13b-y-autoinmunidad\/\",\"name\":\"Predisposiciones gen\u00e9ticas: TNFSF13B y autoinmunidad\",\"isPartOf\":{\"@id\":\"https:\/\/www.geklab.com\/#website\"},\"datePublished\":\"2022-03-04T10:14:55+00:00\",\"dateModified\":\"2025-02-18T17:36:11+00:00\",\"description\":\"Una alteraci\u00f3n en el gen TNFSF13B (conocida como BAFF-var) parece estar asociada con un mayor riesgo de desarrollar enfermedades autoinmunes.\",\"breadcrumb\":{\"@id\":\"https:\/\/www.geklab.com\/es\/predisposiciones-geneticas-tnfsf13b-y-autoinmunidad\/#breadcrumb\"},\"inLanguage\":\"es-ES\",\"potentialAction\":[{\"@type\":\"ReadAction\",\"target\":[\"https:\/\/www.geklab.com\/es\/predisposiciones-geneticas-tnfsf13b-y-autoinmunidad\/\"]}]},{\"@type\":\"BreadcrumbList\",\"@id\":\"https:\/\/www.geklab.com\/es\/predisposiciones-geneticas-tnfsf13b-y-autoinmunidad\/#breadcrumb\",\"itemListElement\":[{\"@type\":\"ListItem\",\"position\":1,\"name\":\"Home\",\"item\":\"https:\/\/www.geklab.com\/es\/\"},{\"@type\":\"ListItem\",\"position\":2,\"name\":\"Predisposiciones gen\u00e9ticas: TNFSF13B y autoinmunidad\"}]},{\"@type\":\"WebSite\",\"@id\":\"https:\/\/www.geklab.com\/#website\",\"url\":\"https:\/\/www.geklab.com\/\",\"name\":\"GEK Lab\",\"description\":\"Science of Nutrition\",\"publisher\":{\"@id\":\"https:\/\/www.geklab.com\/#organization\"},\"potentialAction\":[{\"@type\":\"SearchAction\",\"target\":{\"@type\":\"EntryPoint\",\"urlTemplate\":\"https:\/\/www.geklab.com\/?s={search_term_string}\"},\"query-input\":\"required name=search_term_string\"}],\"inLanguage\":\"es-ES\"},{\"@type\":\"Organization\",\"@id\":\"https:\/\/www.geklab.com\/#organization\",\"name\":\"GEK Lab\",\"url\":\"https:\/\/www.geklab.com\/\",\"logo\":{\"@type\":\"ImageObject\",\"inLanguage\":\"es-ES\",\"@id\":\"https:\/\/www.geklab.com\/#\/schema\/logo\/image\/\",\"url\":\"https:\/\/www.geklab.com\/wp-content\/uploads\/2025\/03\/gek-vertical.jpg\",\"contentUrl\":\"https:\/\/www.geklab.com\/wp-content\/uploads\/2025\/03\/gek-vertical.jpg\",\"width\":696,\"height\":696,\"caption\":\"GEK Lab\"},\"image\":{\"@id\":\"https:\/\/www.geklab.com\/#\/schema\/logo\/image\/\"},\"sameAs\":[\"https:\/\/www.facebook.com\/geklab.official\",\"https:\/\/www.instagram.com\/geklab.official\/\",\"https:\/\/www.linkedin.com\/company\/gek-srl\/\"]},{\"@type\":\"Person\",\"@id\":\"https:\/\/www.geklab.com\/#\/schema\/person\/2c8ef150ae357922935aff0f8c88c523\",\"name\":\"Marcello Granata\",\"image\":{\"@type\":\"ImageObject\",\"inLanguage\":\"es-ES\",\"@id\":\"https:\/\/www.geklab.com\/#\/schema\/person\/image\/\",\"url\":\"https:\/\/secure.gravatar.com\/avatar\/b8147a5b57f718ec632f8bd7250d3f21?s=96&d=mm&r=g\",\"contentUrl\":\"https:\/\/secure.gravatar.com\/avatar\/b8147a5b57f718ec632f8bd7250d3f21?s=96&d=mm&r=g\",\"caption\":\"Marcello Granata\"}}]}<\/script>\n<!-- \/ Yoast SEO plugin. -->","yoast_head_json":{"title":"Predisposiciones gen\u00e9ticas: TNFSF13B y autoinmunidad","description":"Una alteraci\u00f3n en el gen TNFSF13B (conocida como BAFF-var) parece estar asociada con un mayor riesgo de desarrollar enfermedades autoinmunes.","robots":{"index":"index","follow":"follow","max-snippet":"max-snippet:-1","max-image-preview":"max-image-preview:large","max-video-preview":"max-video-preview:-1"},"canonical":"https:\/\/www.geklab.com\/es\/predisposiciones-geneticas-tnfsf13b-y-autoinmunidad\/","og_locale":"es_ES","og_type":"article","og_title":"Predisposiciones gen\u00e9ticas: TNFSF13B y autoinmunidad","og_description":"Una alteraci\u00f3n en el gen TNFSF13B (conocida como BAFF-var) parece estar asociada con un mayor riesgo de desarrollar enfermedades autoinmunes.","og_url":"https:\/\/www.geklab.com\/es\/predisposiciones-geneticas-tnfsf13b-y-autoinmunidad\/","og_site_name":"GEK Lab","article_publisher":"https:\/\/www.facebook.com\/geklab.official","article_published_time":"2022-03-04T10:14:55+00:00","article_modified_time":"2025-02-18T17:36:11+00:00","og_image":[{"width":1000,"height":667,"url":"https:\/\/www.geklab.com\/wp-content\/uploads\/2022\/03\/dna.jpg","type":"image\/jpeg"}],"author":"Marcello Granata","twitter_card":"summary_large_image","twitter_misc":{"Written by":"Marcello Granata","Est. reading time":"4 minutes"},"schema":{"@context":"https:\/\/schema.org","@graph":[{"@type":"Article","@id":"https:\/\/www.geklab.com\/es\/predisposiciones-geneticas-tnfsf13b-y-autoinmunidad\/#article","isPartOf":{"@id":"https:\/\/www.geklab.com\/es\/predisposiciones-geneticas-tnfsf13b-y-autoinmunidad\/"},"author":{"name":"Marcello Granata","@id":"https:\/\/www.geklab.com\/#\/schema\/person\/2c8ef150ae357922935aff0f8c88c523"},"headline":"Predisposiciones gen\u00e9ticas: TNFSF13B y autoinmunidad","datePublished":"2022-03-04T10:14:55+00:00","dateModified":"2025-02-18T17:36:11+00:00","mainEntityOfPage":{"@id":"https:\/\/www.geklab.com\/es\/predisposiciones-geneticas-tnfsf13b-y-autoinmunidad\/"},"wordCount":511,"publisher":{"@id":"https:\/\/www.geklab.com\/#organization"},"keywords":["Autoinmunidad","BAFF","Enfermedades autoinmunes","Inflamaci\u00f3n","PerM\u00e8 Medical Program","Recaller Medical Program","TNFSF13B"],"articleSection":["Conocimientos Cient\u00edficos","Noticias y Art\u00edculos"],"inLanguage":"es-ES"},{"@type":"WebPage","@id":"https:\/\/www.geklab.com\/es\/predisposiciones-geneticas-tnfsf13b-y-autoinmunidad\/","url":"https:\/\/www.geklab.com\/es\/predisposiciones-geneticas-tnfsf13b-y-autoinmunidad\/","name":"Predisposiciones gen\u00e9ticas: TNFSF13B y autoinmunidad","isPartOf":{"@id":"https:\/\/www.geklab.com\/#website"},"datePublished":"2022-03-04T10:14:55+00:00","dateModified":"2025-02-18T17:36:11+00:00","description":"Una alteraci\u00f3n en el gen TNFSF13B (conocida como BAFF-var) parece estar asociada con un mayor riesgo de desarrollar enfermedades autoinmunes.","breadcrumb":{"@id":"https:\/\/www.geklab.com\/es\/predisposiciones-geneticas-tnfsf13b-y-autoinmunidad\/#breadcrumb"},"inLanguage":"es-ES","potentialAction":[{"@type":"ReadAction","target":["https:\/\/www.geklab.com\/es\/predisposiciones-geneticas-tnfsf13b-y-autoinmunidad\/"]}]},{"@type":"BreadcrumbList","@id":"https:\/\/www.geklab.com\/es\/predisposiciones-geneticas-tnfsf13b-y-autoinmunidad\/#breadcrumb","itemListElement":[{"@type":"ListItem","position":1,"name":"Home","item":"https:\/\/www.geklab.com\/es\/"},{"@type":"ListItem","position":2,"name":"Predisposiciones gen\u00e9ticas: TNFSF13B y autoinmunidad"}]},{"@type":"WebSite","@id":"https:\/\/www.geklab.com\/#website","url":"https:\/\/www.geklab.com\/","name":"GEK Lab","description":"Science of Nutrition","publisher":{"@id":"https:\/\/www.geklab.com\/#organization"},"potentialAction":[{"@type":"SearchAction","target":{"@type":"EntryPoint","urlTemplate":"https:\/\/www.geklab.com\/?s={search_term_string}"},"query-input":"required name=search_term_string"}],"inLanguage":"es-ES"},{"@type":"Organization","@id":"https:\/\/www.geklab.com\/#organization","name":"GEK Lab","url":"https:\/\/www.geklab.com\/","logo":{"@type":"ImageObject","inLanguage":"es-ES","@id":"https:\/\/www.geklab.com\/#\/schema\/logo\/image\/","url":"https:\/\/www.geklab.com\/wp-content\/uploads\/2025\/03\/gek-vertical.jpg","contentUrl":"https:\/\/www.geklab.com\/wp-content\/uploads\/2025\/03\/gek-vertical.jpg","width":696,"height":696,"caption":"GEK Lab"},"image":{"@id":"https:\/\/www.geklab.com\/#\/schema\/logo\/image\/"},"sameAs":["https:\/\/www.facebook.com\/geklab.official","https:\/\/www.instagram.com\/geklab.official\/","https:\/\/www.linkedin.com\/company\/gek-srl\/"]},{"@type":"Person","@id":"https:\/\/www.geklab.com\/#\/schema\/person\/2c8ef150ae357922935aff0f8c88c523","name":"Marcello Granata","image":{"@type":"ImageObject","inLanguage":"es-ES","@id":"https:\/\/www.geklab.com\/#\/schema\/person\/image\/","url":"https:\/\/secure.gravatar.com\/avatar\/b8147a5b57f718ec632f8bd7250d3f21?s=96&d=mm&r=g","contentUrl":"https:\/\/secure.gravatar.com\/avatar\/b8147a5b57f718ec632f8bd7250d3f21?s=96&d=mm&r=g","caption":"Marcello Granata"}}]}},"uagb_featured_image_src":{"full":["https:\/\/www.geklab.com\/wp-content\/uploads\/2022\/03\/dna.jpg",1000,667,false],"thumbnail":["https:\/\/www.geklab.com\/wp-content\/uploads\/2022\/03\/dna-150x150.jpg",150,150,true],"medium":["https:\/\/www.geklab.com\/wp-content\/uploads\/2022\/03\/dna-300x200.jpg",300,200,true],"medium_large":["https:\/\/www.geklab.com\/wp-content\/uploads\/2022\/03\/dna-768x512.jpg",768,512,true],"large":["https:\/\/www.geklab.com\/wp-content\/uploads\/2022\/03\/dna.jpg",1000,667,false],"1536x1536":["https:\/\/www.geklab.com\/wp-content\/uploads\/2022\/03\/dna.jpg",1000,667,false],"2048x2048":["https:\/\/www.geklab.com\/wp-content\/uploads\/2022\/03\/dna.jpg",1000,667,false],"xs-thumb":["https:\/\/www.geklab.com\/wp-content\/uploads\/2022\/03\/dna.jpg",64,43,false],"woocommerce_archive_thumbnail":["https:\/\/www.geklab.com\/wp-content\/uploads\/2022\/03\/dna-300x400.jpg",300,400,true],"woocommerce_thumbnail":["https:\/\/www.geklab.com\/wp-content\/uploads\/2022\/03\/dna-300x400.jpg",300,400,true],"woocommerce_single":["https:\/\/www.geklab.com\/wp-content\/uploads\/2022\/03\/dna-600x400.jpg",600,400,true],"woocommerce_gallery_thumbnail":["https:\/\/www.geklab.com\/wp-content\/uploads\/2022\/03\/dna-100x100.jpg",50,50,true]},"uagb_author_info":{"display_name":"Marcello Granata","author_link":"https:\/\/www.geklab.com\/es\/author\/marcello\/"},"uagb_comment_info":0,"uagb_excerpt":"Evaluar si tienes una predisposici\u00f3n gen\u00e9tica para desarrollar enfermedades autoinmunes permite implementar estrategias alimentarias y de suplementaci\u00f3n con un enfoque preventivo.","_links":{"self":[{"href":"https:\/\/www.geklab.com\/es\/wp-json\/wp\/v2\/posts\/18369","targetHints":{"allow":["GET"]}}],"collection":[{"href":"https:\/\/www.geklab.com\/es\/wp-json\/wp\/v2\/posts"}],"about":[{"href":"https:\/\/www.geklab.com\/es\/wp-json\/wp\/v2\/types\/post"}],"author":[{"embeddable":true,"href":"https:\/\/www.geklab.com\/es\/wp-json\/wp\/v2\/users\/2"}],"replies":[{"embeddable":true,"href":"https:\/\/www.geklab.com\/es\/wp-json\/wp\/v2\/comments?post=18369"}],"version-history":[{"count":8,"href":"https:\/\/www.geklab.com\/es\/wp-json\/wp\/v2\/posts\/18369\/revisions"}],"predecessor-version":[{"id":20565,"href":"https:\/\/www.geklab.com\/es\/wp-json\/wp\/v2\/posts\/18369\/revisions\/20565"}],"wp:featuredmedia":[{"embeddable":true,"href":"https:\/\/www.geklab.com\/es\/wp-json\/wp\/v2\/media\/8584"}],"wp:attachment":[{"href":"https:\/\/www.geklab.com\/es\/wp-json\/wp\/v2\/media?parent=18369"}],"wp:term":[{"taxonomy":"category","embeddable":true,"href":"https:\/\/www.geklab.com\/es\/wp-json\/wp\/v2\/categories?post=18369"},{"taxonomy":"post_tag","embeddable":true,"href":"https:\/\/www.geklab.com\/es\/wp-json\/wp\/v2\/tags?post=18369"}],"curies":[{"name":"wp","href":"https:\/\/api.w.org\/{rel}","templated":true}]}}