{"id":18099,"date":"2021-11-29T14:18:34","date_gmt":"2021-11-29T13:18:34","guid":{"rendered":"https:\/\/www.geklab.com\/predisposizioni-genetiche-il-gene-fto-e-lobesita\/"},"modified":"2025-02-18T18:37:17","modified_gmt":"2025-02-18T17:37:17","slug":"predisposiciones-geneticas-el-gen-fto-y-la-obesidad","status":"publish","type":"post","link":"https:\/\/www.geklab.com\/es\/predisposiciones-geneticas-el-gen-fto-y-la-obesidad\/","title":{"rendered":"Predisposiciones gen\u00e9ticas: el gen FTO y la obesidad"},"content":{"rendered":"<figure class=\"wp-block-image alignleft size-full is-resized\"><img loading=\"lazy\" decoding=\"async\" width=\"853\" height=\"561\" src=\"https:\/\/www.geklab.com\/wp-content\/uploads\/2021\/11\/71881708_s.jpg\" alt=\"\" class=\"wp-image-8535\" style=\"width:491px;height:auto\" srcset=\"https:\/\/www.geklab.com\/wp-content\/uploads\/2021\/11\/71881708_s.jpg 853w, https:\/\/www.geklab.com\/wp-content\/uploads\/2021\/11\/71881708_s-600x395.jpg 600w, https:\/\/www.geklab.com\/wp-content\/uploads\/2021\/11\/71881708_s-300x197.jpg 300w, https:\/\/www.geklab.com\/wp-content\/uploads\/2021\/11\/71881708_s-768x505.jpg 768w\" sizes=\"auto, (max-width: 853px) 100vw, 853px\" \/><\/figure><p>La obesidad es una de las <strong>enfermedades metab\u00f3licas<\/strong> que m\u00e1s afecta a los pa\u00edses industrializados, incluida Italia. <\/p><p>Basta pensar que el <strong>20,4% de los ni\u00f1os en Italia tiene sobrepeso y el 9,4% es obeso<\/strong> (datos del Instituto Superior de Sanidad, <a href=\"https:\/\/www.salute.gov.it\/imgs\/C_17_notizie_5159_1_file.pdf\" target=\"_blank\" rel=\"noreferrer noopener\">Estilos de vida y obesidad infantil<\/a>, estudio OKkio a la salud 2019), lo que sit\u00faa a Italia entre los primeros lugares en Europa.<\/p><p>El ADN humano contiene toda la informaci\u00f3n que caracteriza a cada individuo. En particular, esta informaci\u00f3n se encuentra dentro de los genes.<\/p><p>Evaluar si existe una <strong>predisposici\u00f3n gen\u00e9tica<\/strong> para las patolog\u00edas, incluida la <strong>obesidad<\/strong>, permite implementar estrategias alimentarias y de suplementaci\u00f3n, incluso de manera preventiva.<\/p><p>De hecho, la presencia de una <strong>variante gen\u00e9tica<\/strong> espec\u00edfica (SNP) en el <strong>gen FTO<\/strong> est\u00e1 relacionada con el <strong>desarrollo de la obesidad<\/strong>.<\/p><blockquote class=\"wp-block-stackable-blockquote stk-block-blockquote stk-block stk-8339d85 is-style-simple\" data-v=\"2\" data-block-id=\"8339d85\"><style>.stk-8339d85{margin-bottom:0px !important}<\/style><div class=\"has-text-align-left stk-block-blockquote__content stk-container stk-8339d85-container stk--no-background stk--no-padding\"><div class=\"stk-block-content stk-inner-blocks\"><div class=\"wp-block-stackable-icon stk-block-icon stk-block stk-3ce51f5\" data-block-id=\"3ce51f5\"><style>.stk-3ce51f5{left:-50px !important;position:absolute !important;opacity:0.2 !important}.stk-3ce51f5 .stk--svg-wrapper .stk--inner-svg svg:last-child{height:100px !important;width:100px !important}.stk-3ce51f5 .stk--svg-wrapper .stk--inner-svg svg:last-child,.stk-3ce51f5 .stk--svg-wrapper .stk--inner-svg svg:last-child :is(g,path,rect,polygon,ellipse){fill:var(--theme-palette-color-1,#088fa8) !important}@media screen and (max-width:767px){.stk-3ce51f5{left:0px !important}}<\/style><span class=\"stk--svg-wrapper\"><div class=\"stk--inner-svg\"><svg style=\"height:0;width:0\"><defs><linearGradient id=\"linear-gradient-3ce51f5\" x1=\"0\" x2=\"100%\" y1=\"0\" y2=\"0\"><stop offset=\"0%\" style=\"stop-opacity:1;stop-color:var(--linear-gradient-3-ce-51-f-5-color-1)\"><\/stop><stop offset=\"100%\" style=\"stop-opacity:1;stop-color:var(--linear-gradient-3-ce-51-f-5-color-2)\"><\/stop><\/linearGradient><\/defs><\/svg><svg xmlns=\"http:\/\/www.w3.org\/2000\/svg\" viewBox=\"0 0 50 50\" aria-hidden=\"true\" width=\"32\" height=\"32\"><path d=\"M22.3 30.5c0 6-4.8 10.8-10.8 10.8-2.3 0-4.5-.8-6.3-2-.9-.6-1.8-1.4-2.5-2.4-1.8-2.4-2.7-5.4-2.7-9 0-4.5 1.3-8.5 4-11.9 2.7-3.4 6.4-5.8 11.1-7.3v2.8c-2.7 2.2-4.4 5-4.9 8.3.4-.1.9-.1 1.3-.1 6-.1 10.8 4.8 10.8 10.8zm16.9-10.9c-.5 0-.9 0-1.3.1.5-3.3 2.2-6.1 4.9-8.3V8.7c-4.7 1.4-8.4 3.9-11.1 7.3-2.7 3.4-4 7.4-4 11.9 0 3.6.9 6.6 2.7 9 .8 1 1.6 1.8 2.5 2.4 1.8 1.3 3.9 2 6.3 2 6 0 10.8-4.8 10.8-10.8 0-6-4.8-10.9-10.8-10.9z\"><\/path><\/svg><\/div><\/span><\/div>\n\n<div class=\"wp-block-stackable-text stk-block-text stk-block stk-1c8d967\" data-block-id=\"1c8d967\"><style>.stk-1c8d967 .stk-block-text__text{font-size:25px !important}@media screen and (max-width:1023px){.stk-1c8d967 .stk-block-text__text{font-size:25px !important}}<\/style><p class=\"stk-block-text__text\"><strong><span style=\"color: var(--theme-palette-color-1, #088fa8);\" class=\"stk-highlight\">La presencia de una <strong>variante gen\u00e9tica<\/strong> espec\u00edfica (SNP) en el <strong>gen FTO<\/strong> est\u00e1 relacionada con el <strong>desarrollo de la obesidad<\/strong>. <\/span><\/strong><\/p><\/div><\/div><\/div><\/blockquote><div style=\"height:20px\" aria-hidden=\"true\" class=\"wp-block-spacer\"><\/div><style>.kadence-column18099_8d3573-48 > .kt-inside-inner-col,.kadence-column18099_8d3573-48 > .kt-inside-inner-col:before{border-top-left-radius:30px;border-top-right-radius:30px;border-bottom-right-radius:30px;border-bottom-left-radius:30px;}.kadence-column18099_8d3573-48 > .kt-inside-inner-col{background-color:#ebebeb;}.kadence-column18099_8d3573-48 > .kt-inside-inner-col:before{opacity:0.3;}.kadence-column18099_8d3573-48{position:relative;}<\/style>\n<div class=\"wp-block-kadence-column kadence-column18099_8d3573-48 kadence-column_33b0ff-ad\"><div class=\"kt-inside-inner-col\"><style>.kb-row-layout-wrap.wp-block-kadence-rowlayout.kb-row-layout-id18099_fca8d8-5f{margin-top:0px;margin-bottom:0px;}.kb-row-layout-id18099_fca8d8-5f > .kt-row-column-wrap{align-content:center;}:where(.kb-row-layout-id18099_fca8d8-5f > .kt-row-column-wrap) > .wp-block-kadence-column{justify-content:center;}.kb-row-layout-id18099_fca8d8-5f > .kt-row-column-wrap{column-gap:var(--global-kb-gap-md, 2rem);row-gap:var(--global-kb-gap-md, 2rem);padding-top:0px;padding-bottom:10px;padding-left:250px;grid-template-columns:minmax(0, 80%) minmax(0, 20%);}.kb-row-layout-id18099_fca8d8-5f{background-image:url('https:\/\/www.geklab.com\/wp-content\/uploads\/2022\/06\/slider4-copia-1.png');background-size:contain;background-position:3% 100%;background-attachment:scroll;background-repeat:no-repeat;}.kb-row-layout-id18099_fca8d8-5f > .kt-row-layout-overlay{opacity:0.30;}.kb-row-layout-id18099_fca8d8-5f .kt-row-layout-bottom-sep{height:100px;}.kb-row-layout-id18099_fca8d8-5f .kt-row-layout-bottom-sep svg{width:100%;}.kb-row-layout-id18099_fca8d8-5f .kt-row-layout-bottom-sep svg{fill:#ffffff!important;}@media all and (max-width: 1024px){.kb-row-layout-id18099_fca8d8-5f > .kt-row-column-wrap{padding-right:0px;padding-left:45px;grid-template-columns:minmax(0, 2fr) minmax(0, 1fr);}}@media all and (max-width: 1024px){.kb-row-layout-id18099_fca8d8-5f{background-image:none !important;}}@media all and (max-width: 1024px){.kb-row-layout-id18099_fca8d8-5f [id*=\"jarallax-container-\"]{display:none !important;}}@media all and (max-width: 1024px){.kb-row-layout-id18099_fca8d8-5f .kt-row-layout-bottom-sep{height:px;}}@media all and (max-width: 1024px){.kb-row-layout-id18099_fca8d8-5f .kt-row-layout-bottom-sep svg{width:%;}}@media all and (max-width: 767px){.kb-row-layout-id18099_fca8d8-5f > .kt-row-column-wrap{column-gap:var(--global-kb-gap-none, 0 );row-gap:var(--global-kb-gap-none, 0 );padding-top:30px;padding-right:20px;padding-bottom:20px;padding-left:20px;grid-template-columns:minmax(0, 1fr);}.kb-row-layout-wrap.wp-block-kadence-rowlayout.kb-row-layout-id18099_fca8d8-5f{background-image:none !important;}.kb-row-layout-id18099_fca8d8-5f [id*=\"jarallax-container-\"]{display:none !important;}.kb-row-layout-id18099_fca8d8-5f > .kt-row-layout-overlay{opacity:0.30;background-image:url('https:\/\/www.geklab.com\/wp-content\/uploads\/2022\/09\/copertina.png');background-size:contain;background-position:right bottom;background-attachment:fixed;background-repeat:no-repeat;}.kb-row-layout-id18099_fca8d8-5f .kt-row-layout-bottom-sep{height:px;}.kb-row-layout-id18099_fca8d8-5f .kt-row-layout-bottom-sep svg{width:%;}}<\/style><div class=\"kb-row-layout-wrap kb-row-layout-id18099_fca8d8-5f alignnone kt-row-has-bg wp-block-kadence-rowlayout\"><div class=\"kt-row-layout-overlay kt-row-overlay-normal\"><\/div><div class=\"kt-row-column-wrap kt-has-2-columns kt-row-layout-equal kt-tab-layout-left-golden kt-mobile-layout-row kt-row-valign-middle\">\n<style>.kadence-column18099_b991ba-ba > .kt-inside-inner-col,.kadence-column18099_b991ba-ba > .kt-inside-inner-col:before{border-top-left-radius:0px;border-top-right-radius:0px;border-bottom-right-radius:0px;border-bottom-left-radius:0px;}.kadence-column18099_b991ba-ba > .kt-inside-inner-col:before{opacity:0.3;}.kadence-column18099_b991ba-ba{position:relative;}@media all and (max-width: 767px){.kadence-column18099_b991ba-ba{text-align:center;}}<\/style>\n<div class=\"wp-block-kadence-column kadence-column18099_b991ba-ba inner-column-1\"><div class=\"kt-inside-inner-col\"><div style=\"height:15px\" aria-hidden=\"true\" class=\"wp-block-spacer\"><\/div>\n\n<div class=\"wp-block-stackable-image stk-block-image has-text-align-left has-text-align-center-mobile stk-block stk-1fd7d15 alignleft\" data-block-id=\"1fd7d15\"><style>.stk-1fd7d15 .stk-img-wrapper{height:50px !important}.stk-1fd7d15 .stk-img-wrapper img{object-position:0% 50% !important;object-fit:contain !important}@media screen and (max-width:767px){.stk-1fd7d15{padding-right:60px !important;padding-left:60px !important}.stk-1fd7d15 .stk-img-wrapper img{object-fit:contain !important}}<\/style><a class=\"stk-link\" href=\"\/perme-test\/\"><div class=\"stk-img-wrapper stk-image--shape-stretch\"><img loading=\"lazy\" decoding=\"async\" class=\"stk-img wp-image-19755\" src=\"https:\/\/www.geklab.com\/wp-content\/uploads\/2025\/02\/PerMe_medical_program.webp\" width=\"1576\" height=\"418\" srcset=\"https:\/\/www.geklab.com\/wp-content\/uploads\/2025\/02\/PerMe_medical_program.webp 1576w, https:\/\/www.geklab.com\/wp-content\/uploads\/2025\/02\/PerMe_medical_program-300x80.webp 300w, https:\/\/www.geklab.com\/wp-content\/uploads\/2025\/02\/PerMe_medical_program-1024x272.webp 1024w, https:\/\/www.geklab.com\/wp-content\/uploads\/2025\/02\/PerMe_medical_program-768x204.webp 768w, https:\/\/www.geklab.com\/wp-content\/uploads\/2025\/02\/PerMe_medical_program-1536x407.webp 1536w, https:\/\/www.geklab.com\/wp-content\/uploads\/2025\/02\/PerMe_medical_program-600x159.webp 600w\" sizes=\"auto, (max-width: 1576px) 100vw, 1576px\" \/><\/div><\/a><\/div>\n\n<div style=\"height:1px\" aria-hidden=\"true\" class=\"wp-block-spacer\"><\/div>\n\n<p>Descubre si tienes una predisposici\u00f3n gen\u00e9tica a la obesidad con el<strong> PerM\u00e8<\/strong> <strong>Medical Program<\/strong><\/p><\/div><\/div>\n\n<style>.kadence-column18099_89e6f4-7a > .kt-inside-inner-col,.kadence-column18099_89e6f4-7a > .kt-inside-inner-col:before{border-top-left-radius:0px;border-top-right-radius:0px;border-bottom-right-radius:0px;border-bottom-left-radius:0px;}.kadence-column18099_89e6f4-7a > .kt-inside-inner-col:before{opacity:0.3;}.kadence-column18099_89e6f4-7a{text-align:center;}.kadence-column18099_89e6f4-7a{position:relative;}<\/style>\n<div class=\"wp-block-kadence-column kadence-column18099_89e6f4-7a\"><div class=\"kt-inside-inner-col\"><div class=\"wp-block-stackable-image stk-block-image has-text-align-center stk-block stk-af48962\" data-block-id=\"af48962\"><style>.stk-af48962{margin-bottom:0px !important}.stk-af48962 .stk-img-wrapper{width:150px !important}<\/style><figure><div class=\"stk-img-wrapper stk-image--shape-stretch\"><img loading=\"lazy\" decoding=\"async\" class=\"stk-img wp-image-19908\" src=\"https:\/\/www.geklab.com\/wp-content\/uploads\/2025\/02\/perme-eps-scaled.webp\" width=\"2560\" height=\"2560\" srcset=\"https:\/\/www.geklab.com\/wp-content\/uploads\/2025\/02\/perme-eps-scaled.webp 2560w, https:\/\/www.geklab.com\/wp-content\/uploads\/2025\/02\/perme-eps-300x300.webp 300w, https:\/\/www.geklab.com\/wp-content\/uploads\/2025\/02\/perme-eps-1024x1024.webp 1024w, https:\/\/www.geklab.com\/wp-content\/uploads\/2025\/02\/perme-eps-150x150.webp 150w, https:\/\/www.geklab.com\/wp-content\/uploads\/2025\/02\/perme-eps-768x768.webp 768w, https:\/\/www.geklab.com\/wp-content\/uploads\/2025\/02\/perme-eps-1536x1536.webp 1536w, https:\/\/www.geklab.com\/wp-content\/uploads\/2025\/02\/perme-eps-2048x2048.webp 2048w, https:\/\/www.geklab.com\/wp-content\/uploads\/2025\/02\/perme-eps-64x64.webp 64w, https:\/\/www.geklab.com\/wp-content\/uploads\/2025\/02\/perme-eps-600x600.webp 600w, https:\/\/www.geklab.com\/wp-content\/uploads\/2025\/02\/perme-eps-100x100.webp 100w\" sizes=\"auto, (max-width: 2560px) 100vw, 2560px\" \/><\/div><\/figure><\/div>\n\n<div class=\"wp-block-stackable-button-group stk-block-button-group stk-block stk-5c8f60c\" data-block-id=\"5c8f60c\"><style>.stk-5c8f60c{padding-top:0px !important;padding-right:0px !important;padding-bottom:0px !important;padding-left:0px !important;margin-bottom:0px !important}<\/style><div class=\"stk-row stk-inner-blocks has-text-align-center stk-block-content stk-button-group\"><div class=\"wp-block-stackable-button stk-block-button has-text-align-center stk-block stk-0b72e9d\" data-block-id=\"0b72e9d\"><style>.stk-0b72e9d{margin-top:0px !important;margin-right:0px !important;margin-bottom:0px !important;margin-left:0px !important}<\/style><a class=\"stk-link stk-button stk--hover-effect-darken\" href=\"https:\/\/www.geklab.com\/es\/perme-medical-program\/\"><span class=\"stk-button__inner-text\">Saber m\u00e1s<\/span><\/a><\/div><\/div><\/div><\/div><\/div>\n<\/div><\/div><\/div><\/div><style>.kb-row-layout-id18099_af70cb-61 > .kt-row-column-wrap{align-content:start;}:where(.kb-row-layout-id18099_af70cb-61 > .kt-row-column-wrap) > .wp-block-kadence-column{justify-content:start;}.kb-row-layout-id18099_af70cb-61 > .kt-row-column-wrap{column-gap:var(--global-kb-gap-md, 2rem);row-gap:var(--global-kb-gap-md, 2rem);padding-top:0px;padding-bottom:0px;grid-template-columns:minmax(0, 1fr);}.kb-row-layout-id18099_af70cb-61 > .kt-row-layout-overlay{opacity:0.30;}@media all and (max-width: 1024px){.kb-row-layout-id18099_af70cb-61 > .kt-row-column-wrap{grid-template-columns:minmax(0, 1fr);}}@media all and (max-width: 767px){.kb-row-layout-id18099_af70cb-61 > .kt-row-column-wrap{grid-template-columns:minmax(0, 1fr);}}<\/style><div class=\"kb-row-layout-wrap kb-row-layout-id18099_af70cb-61 alignnone wp-block-kadence-rowlayout\"><div class=\"kt-row-column-wrap kt-has-1-columns kt-row-layout-equal kt-tab-layout-inherit kt-mobile-layout-row kt-row-valign-top\">\n<style>.kadence-column18099_19585d-5a > .kt-inside-inner-col,.kadence-column18099_19585d-5a > .kt-inside-inner-col:before{border-top-left-radius:0px;border-top-right-radius:0px;border-bottom-right-radius:0px;border-bottom-left-radius:0px;}.kadence-column18099_19585d-5a > .kt-inside-inner-col:before{opacity:0.3;}.kadence-column18099_19585d-5a{position:relative;}<\/style>\n<div class=\"wp-block-kadence-column kadence-column18099_19585d-5a inner-column-1\"><div class=\"kt-inside-inner-col\"><p>Ella se\u00f1ala que se tiene un <strong>riesgo 1,4 veces mayor<\/strong> de desarrollar obesidad en comparaci\u00f3n con la poblaci\u00f3n sin esa predisposici\u00f3n. No se\u00f1ala el desarrollo seguro de la enfermedad, pero ayuda a comprender si existe un factor estructural, gen\u00e9tico, que facilite el aumento de peso.<\/p>\n\n<p>Un <a href=\"https:\/\/www.bmj.com\/content\/360\/bmj.j5644\" target=\"_blank\" rel=\"noreferrer noopener\">estudio publicado en el&nbsp;BMJ&nbsp;en 2018<\/a> mostr\u00f3 que las personas con <strong>predisposici\u00f3n gen\u00e9tica al desarrollo de la obesidad<\/strong> son tambi\u00e9n las que m\u00e1s se benefician de una intervenci\u00f3n diet\u00e9tica personalizada.<\/p>\n\n<p>Por lo tanto, la predisposici\u00f3n gen\u00e9tica puede ser tanto una condici\u00f3n desfavorable como una ventaja, dependiendo de c\u00f3mo se gestionen los h\u00e1bitos, incluyendo los alimentarios.<\/p>\n\n<p>El <strong><a href=\"https:\/\/www.geklab.com\/es\/perme-medical-program\/\">PerM\u00e9 Medical Program<\/a><\/strong>, el&nbsp;<strong><a href=\"https:\/\/www.geklab.com\/es\/glyco-medical-program\/\">Glyco Medical Program<\/a><\/strong>&nbsp;y los productos de&nbsp;<strong><a href=\"https:\/\/www.geklab.com\/es\/screening\/\" target=\"_blank\" rel=\"noreferrer noopener\">Screening<\/a><\/strong>&nbsp;permiten analizar la predisposici\u00f3n gen\u00e9tica al desarrollo de obesidad.<\/p>\n\n<div class=\"taxonomy-post_tag wp-block-post-terms\"><a href=\"https:\/\/www.geklab.com\/es\/tag\/fto-es\/\" rel=\"tag\">FTO<\/a><span class=\"wp-block-post-terms__separator\">, <\/span><a href=\"https:\/\/www.geklab.com\/es\/tag\/glyco-medical-program\/\" rel=\"tag\">Glyco Medical Program<\/a><span class=\"wp-block-post-terms__separator\">, <\/span><a href=\"https:\/\/www.geklab.com\/es\/tag\/obesidad\/\" rel=\"tag\">Obesidad<\/a><span class=\"wp-block-post-terms__separator\">, <\/span><a href=\"https:\/\/www.geklab.com\/es\/tag\/perme-medical-program\/\" rel=\"tag\">PerM\u00e8 Medical Program<\/a><span class=\"wp-block-post-terms__separator\">, <\/span><a href=\"https:\/\/www.geklab.com\/es\/tag\/sindrome-metabolico\/\" rel=\"tag\">S\u00edndrome metab\u00f3lico<\/a><\/div><\/div><\/div>\n<\/div><\/div><p><em><em>Cuidado de la&nbsp;<a href=\"https:\/\/www.geklab.com\/es\/la-redaccion-cientifica\/\">Redacci\u00f3n Cient\u00edfica GEK Lab<\/a><\/em><\/em><\/p><div class=\"wp-block-stackable-heading stk-block-heading stk-block-heading--v2 stk-block stk-11692d3\" id=\"articulos-relacionados\" data-block-id=\"11692d3\"><style>.stk-11692d3{margin-bottom:10px !important}.stk-11692d3 .stk-block-heading__text{font-size:30px !important}@media screen and (max-width:1023px){.stk-11692d3 .stk-block-heading__text{font-size:30px !important}}<\/style><h3 class=\"stk-block-heading__text has-text-align-center\">Art\u00edculos relacionados<\/h3><\/div><div class=\"wp-block-uagb-post-grid uagb-post-grid  uagb-post__image-position-top uagb-post__image-enabled uagb-block-ea6d35cb     uagb-post__items uagb-post__columns-3 is-grid uagb-post__columns-tablet-2 uagb-post__columns-mobile-1 uagb-post__equal-height\" data-total=\"3\" style=\"\">\n\n\t\t\t\t\t\t\t\t\t\t\t\t<article class=\"uagb-post__inner-wrap\">\t\t\t\t\t\t\t\t<div class='uagb-post__image'>\n\t\t\t\t\t\t\t\t\t<a href=\"https:\/\/www.geklab.com\/es\/presion-alta-e-inflamacion-cronica-como-interactuan-y-como-intervenir\/\" target=\"_self\" rel=\"bookmark noopener noreferrer\" class='uagb-image-ratio-inherit'><img loading=\"lazy\" decoding=\"async\" width=\"750\" height=\"500\" src=\"https:\/\/www.geklab.com\/wp-content\/uploads\/2024\/10\/Ipertensione-meglio-ridurre-l-infiammazione_articleimage-5.jpg\" class=\"attachment-large size-large\" alt=\"\" srcset=\"https:\/\/www.geklab.com\/wp-content\/uploads\/2024\/10\/Ipertensione-meglio-ridurre-l-infiammazione_articleimage-5.jpg 750w, https:\/\/www.geklab.com\/wp-content\/uploads\/2024\/10\/Ipertensione-meglio-ridurre-l-infiammazione_articleimage-5-300x200.jpg 300w, https:\/\/www.geklab.com\/wp-content\/uploads\/2024\/10\/Ipertensione-meglio-ridurre-l-infiammazione_articleimage-5-600x400.jpg 600w\" sizes=\"auto, (max-width: 750px) 100vw, 750px\" \/>\t\t\t\t\t<\/a>\n\t\t\t\t\t\t\t<\/div>\n\t\t\t\t\t\t<h5 class=\"uagb-post__title uagb-post__text\">\n\t\t\t\t<a href=\"https:\/\/www.geklab.com\/es\/presion-alta-e-inflamacion-cronica-como-interactuan-y-como-intervenir\/\" target=\"_self\" rel=\"bookmark noopener noreferrer\">Presi\u00f3n alta e inflamaci\u00f3n cr\u00f3nica: c\u00f3mo interact\u00faan y c\u00f3mo intervenir<\/a>\n\t\t\t<\/h5>\n\t\t\t\t\t\t<div class='uagb-post__text uagb-post-grid-byline'>\n\t\t\t\t\t\t\t<\/div>\n\t\t\t\t\t\t\t<div class='uagb-post__text uagb-post__excerpt'>\n\t\t\t\t\tLa hipertensi\u00f3n arterial, com\u00fanmente conocida como &#8220;presi\u00f3n alta&#8221;, es una de las condiciones m\u00e1s extendidas&#8230;\t\t\t\t<\/div>\n\t\t\t\t\t\t\t\t\t\t\t\t<\/article>\n\t\t\t\t\t\t\t\t\t\t\t\t\t\t\t\t<article class=\"uagb-post__inner-wrap\">\t\t\t\t\t\t\t\t<div class='uagb-post__image'>\n\t\t\t\t\t\t\t\t\t<a href=\"https:\/\/www.geklab.com\/es\/obesidad-e-inflamacion-predisposicion-genetica-y-terapia\/\" target=\"_self\" rel=\"bookmark noopener noreferrer\" class='uagb-image-ratio-inherit'><img loading=\"lazy\" decoding=\"async\" width=\"584\" height=\"389\" src=\"https:\/\/www.geklab.com\/wp-content\/uploads\/2024\/05\/Diabete-in-forte-crescita-anche-i-numeri-del-diabete-giovanile_articleimage-5-600x389-1.jpg\" class=\"attachment-large size-large\" alt=\"\" srcset=\"https:\/\/www.geklab.com\/wp-content\/uploads\/2024\/05\/Diabete-in-forte-crescita-anche-i-numeri-del-diabete-giovanile_articleimage-5-600x389-1.jpg 584w, https:\/\/www.geklab.com\/wp-content\/uploads\/2024\/05\/Diabete-in-forte-crescita-anche-i-numeri-del-diabete-giovanile_articleimage-5-600x389-1-300x200.jpg 300w\" sizes=\"auto, (max-width: 584px) 100vw, 584px\" \/>\t\t\t\t\t<\/a>\n\t\t\t\t\t\t\t<\/div>\n\t\t\t\t\t\t<h5 class=\"uagb-post__title uagb-post__text\">\n\t\t\t\t<a href=\"https:\/\/www.geklab.com\/es\/obesidad-e-inflamacion-predisposicion-genetica-y-terapia\/\" target=\"_self\" rel=\"bookmark noopener noreferrer\">Obesidad e inflamaci\u00f3n: predisposici\u00f3n gen\u00e9tica y terapia<\/a>\n\t\t\t<\/h5>\n\t\t\t\t\t\t<div class='uagb-post__text uagb-post-grid-byline'>\n\t\t\t\t\t\t\t<\/div>\n\t\t\t\t\t\t\t<div class='uagb-post__text uagb-post__excerpt'>\n\t\t\t\t\tDurante mucho tiempo se ha considerado que la obesidad estaba simplemente relacionada con los excesos&#8230;\t\t\t\t<\/div>\n\t\t\t\t\t\t\t\t\t\t\t\t<\/article>\n\t\t\t\t\t\t\t\t\t\t\t\t\t\t\t\t<article class=\"uagb-post__inner-wrap\">\t\t\t\t\t\t\t\t<div class='uagb-post__image'>\n\t\t\t\t\t\t\t\t\t<a href=\"https:\/\/www.geklab.com\/es\/alimentacion-y-enfermedades-cardiovasculares\/\" target=\"_self\" rel=\"bookmark noopener noreferrer\" class='uagb-image-ratio-inherit'><img loading=\"lazy\" decoding=\"async\" width=\"750\" height=\"500\" src=\"https:\/\/www.geklab.com\/wp-content\/uploads\/2024\/01\/La-dieta-che-aiuta-il-cardiologo_articleimage-5.jpg\" class=\"attachment-large size-large\" alt=\"alimentazione e malattie cardiovascolari\" srcset=\"https:\/\/www.geklab.com\/wp-content\/uploads\/2024\/01\/La-dieta-che-aiuta-il-cardiologo_articleimage-5.jpg 750w, https:\/\/www.geklab.com\/wp-content\/uploads\/2024\/01\/La-dieta-che-aiuta-il-cardiologo_articleimage-5-300x200.jpg 300w, https:\/\/www.geklab.com\/wp-content\/uploads\/2024\/01\/La-dieta-che-aiuta-il-cardiologo_articleimage-5-600x400.jpg 600w\" sizes=\"auto, (max-width: 750px) 100vw, 750px\" \/>\t\t\t\t\t<\/a>\n\t\t\t\t\t\t\t<\/div>\n\t\t\t\t\t\t<h5 class=\"uagb-post__title uagb-post__text\">\n\t\t\t\t<a href=\"https:\/\/www.geklab.com\/es\/alimentacion-y-enfermedades-cardiovasculares\/\" target=\"_self\" rel=\"bookmark noopener noreferrer\">Enfermedades cardiovasculares: la prevenci\u00f3n en la mesa<\/a>\n\t\t\t<\/h5>\n\t\t\t\t\t\t<div class='uagb-post__text uagb-post-grid-byline'>\n\t\t\t\t\t\t\t<\/div>\n\t\t\t\t\t\t\t<div class='uagb-post__text uagb-post__excerpt'>\n\t\t\t\t\tComo es sabido, y como escribimos a menudo aqu\u00ed en geklab.com, la alimentaci\u00f3n puede desempe\u00f1ar&#8230;\t\t\t\t<\/div>\n\t\t\t\t\t\t\t\t\t\t\t\t<\/article>\n\t\t\t\t\t\t\t\t\t\t\t<\/div>","protected":false},"excerpt":{"rendered":"<p>Evaluar si se tiene una predisposici\u00f3n gen\u00e9tica a la obesidad permite implementar estrategias alimentarias y complementarias con un enfoque preventivo.<\/p>\n","protected":false},"author":2,"featured_media":8537,"comment_status":"closed","ping_status":"closed","sticky":false,"template":"","format":"standard","meta":{"_uag_custom_page_level_css":"","footnotes":""},"categories":[306,4],"tags":[287,277,284,279,288],"class_list":["post-18099","post","type-post","status-publish","format-standard","has-post-thumbnail","hentry","category-conocimientos-cientificos","category-noticias-articulos","tag-fto-es","tag-glyco-medical-program","tag-obesidad","tag-perme-medical-program","tag-sindrome-metabolico"],"blocksy_meta":{"styles_descriptor":{"styles":{"desktop":"","tablet":"","mobile":""},"google_fonts":[],"version":6}},"featured_image_urls":{"full":["https:\/\/www.geklab.com\/wp-content\/uploads\/2021\/11\/71881708_s.jpg",853,561,false],"thumbnail":["https:\/\/www.geklab.com\/wp-content\/uploads\/2021\/11\/71881708_s-150x150.jpg",150,150,true],"medium":["https:\/\/www.geklab.com\/wp-content\/uploads\/2021\/11\/71881708_s-300x197.jpg",300,197,true],"medium_large":["https:\/\/www.geklab.com\/wp-content\/uploads\/2021\/11\/71881708_s-768x505.jpg",768,505,true],"large":["https:\/\/www.geklab.com\/wp-content\/uploads\/2021\/11\/71881708_s.jpg",853,561,false],"1536x1536":["https:\/\/www.geklab.com\/wp-content\/uploads\/2021\/11\/71881708_s.jpg",853,561,false],"2048x2048":["https:\/\/www.geklab.com\/wp-content\/uploads\/2021\/11\/71881708_s.jpg",853,561,false],"xs-thumb":["https:\/\/www.geklab.com\/wp-content\/uploads\/2021\/11\/71881708_s.jpg",64,42,false],"woocommerce_archive_thumbnail":["https:\/\/www.geklab.com\/wp-content\/uploads\/2021\/11\/71881708_s-300x400.jpg",300,400,true],"woocommerce_thumbnail":["https:\/\/www.geklab.com\/wp-content\/uploads\/2021\/11\/71881708_s-300x400.jpg",300,400,true],"woocommerce_single":["https:\/\/www.geklab.com\/wp-content\/uploads\/2021\/11\/71881708_s-600x395.jpg",600,395,true],"woocommerce_gallery_thumbnail":["https:\/\/www.geklab.com\/wp-content\/uploads\/2021\/11\/71881708_s-100x100.jpg",50,50,true]},"post_excerpt_stackable":"<p>Evaluar si se tiene una predisposici\u00f3n gen\u00e9tica a la obesidad permite implementar estrategias alimentarias y complementarias con un enfoque preventivo.<\/p>\n","category_list":"<a href=\"https:\/\/www.geklab.com\/es\/categoria\/conocimientos-cientificos\/\" rel=\"category tag\">Conocimientos Cient\u00edficos<\/a>, <a href=\"https:\/\/www.geklab.com\/es\/categoria\/noticias-articulos\/\" rel=\"category tag\">Noticias y Art\u00edculos<\/a>","author_info":{"name":"Marcello Granata","url":"https:\/\/www.geklab.com\/es\/author\/marcello\/"},"comments_num":"0 comments","yoast_head":"<!-- This site is optimized with the Yoast SEO plugin v21.7 - https:\/\/yoast.com\/wordpress\/plugins\/seo\/ -->\n<title>Predisposiciones gen\u00e9ticas: el gen FTO y la obesidad<\/title>\n<meta name=\"description\" content=\"Saber si se tiene una predisposici\u00f3n gen\u00e9tica a la obesidad permite &quot;anticiparse&quot; implementando estrategias preventivas.\" \/>\n<meta name=\"robots\" content=\"index, follow, max-snippet:-1, max-image-preview:large, max-video-preview:-1\" \/>\n<link rel=\"canonical\" href=\"https:\/\/www.geklab.com\/es\/predisposiciones-geneticas-el-gen-fto-y-la-obesidad\/\" \/>\n<meta property=\"og:locale\" content=\"es_ES\" \/>\n<meta property=\"og:type\" content=\"article\" \/>\n<meta property=\"og:title\" content=\"Predisposiciones gen\u00e9ticas: el gen FTO y la obesidad\" \/>\n<meta property=\"og:description\" content=\"Saber si se tiene una predisposici\u00f3n gen\u00e9tica a la obesidad permite &quot;anticiparse&quot; implementando estrategias preventivas.\" \/>\n<meta property=\"og:url\" content=\"https:\/\/www.geklab.com\/es\/predisposiciones-geneticas-el-gen-fto-y-la-obesidad\/\" \/>\n<meta property=\"og:site_name\" content=\"GEK Lab\" \/>\n<meta property=\"article:publisher\" content=\"https:\/\/www.facebook.com\/geklab.official\" \/>\n<meta property=\"article:published_time\" content=\"2021-11-29T13:18:34+00:00\" \/>\n<meta property=\"article:modified_time\" content=\"2025-02-18T17:37:17+00:00\" \/>\n<meta property=\"og:image\" content=\"https:\/\/www.geklab.com\/wp-content\/uploads\/2021\/11\/71881708_s.jpg\" \/>\n\t<meta property=\"og:image:width\" content=\"853\" \/>\n\t<meta property=\"og:image:height\" content=\"561\" \/>\n\t<meta property=\"og:image:type\" content=\"image\/jpeg\" \/>\n<meta name=\"author\" content=\"Marcello Granata\" \/>\n<meta name=\"twitter:card\" content=\"summary_large_image\" \/>\n<meta name=\"twitter:label1\" content=\"Written by\" \/>\n\t<meta name=\"twitter:data1\" content=\"Marcello Granata\" \/>\n\t<meta name=\"twitter:label2\" content=\"Est. reading time\" \/>\n\t<meta name=\"twitter:data2\" content=\"3 minutes\" \/>\n<script type=\"application\/ld+json\" class=\"yoast-schema-graph\">{\"@context\":\"https:\/\/schema.org\",\"@graph\":[{\"@type\":\"Article\",\"@id\":\"https:\/\/www.geklab.com\/es\/predisposiciones-geneticas-el-gen-fto-y-la-obesidad\/#article\",\"isPartOf\":{\"@id\":\"https:\/\/www.geklab.com\/es\/predisposiciones-geneticas-el-gen-fto-y-la-obesidad\/\"},\"author\":{\"name\":\"Marcello Granata\",\"@id\":\"https:\/\/www.geklab.com\/#\/schema\/person\/2c8ef150ae357922935aff0f8c88c523\"},\"headline\":\"Predisposiciones gen\u00e9ticas: el gen FTO y la obesidad\",\"datePublished\":\"2021-11-29T13:18:34+00:00\",\"dateModified\":\"2025-02-18T17:37:17+00:00\",\"mainEntityOfPage\":{\"@id\":\"https:\/\/www.geklab.com\/es\/predisposiciones-geneticas-el-gen-fto-y-la-obesidad\/\"},\"wordCount\":350,\"publisher\":{\"@id\":\"https:\/\/www.geklab.com\/#organization\"},\"keywords\":[\"FTO\",\"Glyco Medical Program\",\"Obesidad\",\"PerM\u00e8 Medical Program\",\"S\u00edndrome metab\u00f3lico\"],\"articleSection\":[\"Conocimientos Cient\u00edficos\",\"Noticias y Art\u00edculos\"],\"inLanguage\":\"es-ES\"},{\"@type\":\"WebPage\",\"@id\":\"https:\/\/www.geklab.com\/es\/predisposiciones-geneticas-el-gen-fto-y-la-obesidad\/\",\"url\":\"https:\/\/www.geklab.com\/es\/predisposiciones-geneticas-el-gen-fto-y-la-obesidad\/\",\"name\":\"Predisposiciones gen\u00e9ticas: el gen FTO y la obesidad\",\"isPartOf\":{\"@id\":\"https:\/\/www.geklab.com\/#website\"},\"datePublished\":\"2021-11-29T13:18:34+00:00\",\"dateModified\":\"2025-02-18T17:37:17+00:00\",\"description\":\"Saber si se tiene una predisposici\u00f3n gen\u00e9tica a la obesidad permite \\\"anticiparse\\\" implementando estrategias preventivas.\",\"breadcrumb\":{\"@id\":\"https:\/\/www.geklab.com\/es\/predisposiciones-geneticas-el-gen-fto-y-la-obesidad\/#breadcrumb\"},\"inLanguage\":\"es-ES\",\"potentialAction\":[{\"@type\":\"ReadAction\",\"target\":[\"https:\/\/www.geklab.com\/es\/predisposiciones-geneticas-el-gen-fto-y-la-obesidad\/\"]}]},{\"@type\":\"BreadcrumbList\",\"@id\":\"https:\/\/www.geklab.com\/es\/predisposiciones-geneticas-el-gen-fto-y-la-obesidad\/#breadcrumb\",\"itemListElement\":[{\"@type\":\"ListItem\",\"position\":1,\"name\":\"Home\",\"item\":\"https:\/\/www.geklab.com\/es\/\"},{\"@type\":\"ListItem\",\"position\":2,\"name\":\"Predisposiciones gen\u00e9ticas: el gen FTO y la obesidad\"}]},{\"@type\":\"WebSite\",\"@id\":\"https:\/\/www.geklab.com\/#website\",\"url\":\"https:\/\/www.geklab.com\/\",\"name\":\"GEK Lab\",\"description\":\"Science of Nutrition\",\"publisher\":{\"@id\":\"https:\/\/www.geklab.com\/#organization\"},\"potentialAction\":[{\"@type\":\"SearchAction\",\"target\":{\"@type\":\"EntryPoint\",\"urlTemplate\":\"https:\/\/www.geklab.com\/?s={search_term_string}\"},\"query-input\":\"required name=search_term_string\"}],\"inLanguage\":\"es-ES\"},{\"@type\":\"Organization\",\"@id\":\"https:\/\/www.geklab.com\/#organization\",\"name\":\"GEK Lab\",\"url\":\"https:\/\/www.geklab.com\/\",\"logo\":{\"@type\":\"ImageObject\",\"inLanguage\":\"es-ES\",\"@id\":\"https:\/\/www.geklab.com\/#\/schema\/logo\/image\/\",\"url\":\"https:\/\/www.geklab.com\/wp-content\/uploads\/2025\/03\/gek-vertical.jpg\",\"contentUrl\":\"https:\/\/www.geklab.com\/wp-content\/uploads\/2025\/03\/gek-vertical.jpg\",\"width\":696,\"height\":696,\"caption\":\"GEK Lab\"},\"image\":{\"@id\":\"https:\/\/www.geklab.com\/#\/schema\/logo\/image\/\"},\"sameAs\":[\"https:\/\/www.facebook.com\/geklab.official\",\"https:\/\/www.instagram.com\/geklab.official\/\",\"https:\/\/www.linkedin.com\/company\/gek-srl\/\"]},{\"@type\":\"Person\",\"@id\":\"https:\/\/www.geklab.com\/#\/schema\/person\/2c8ef150ae357922935aff0f8c88c523\",\"name\":\"Marcello Granata\",\"image\":{\"@type\":\"ImageObject\",\"inLanguage\":\"es-ES\",\"@id\":\"https:\/\/www.geklab.com\/#\/schema\/person\/image\/\",\"url\":\"https:\/\/secure.gravatar.com\/avatar\/b8147a5b57f718ec632f8bd7250d3f21?s=96&d=mm&r=g\",\"contentUrl\":\"https:\/\/secure.gravatar.com\/avatar\/b8147a5b57f718ec632f8bd7250d3f21?s=96&d=mm&r=g\",\"caption\":\"Marcello Granata\"}}]}<\/script>\n<!-- \/ Yoast SEO plugin. -->","yoast_head_json":{"title":"Predisposiciones gen\u00e9ticas: el gen FTO y la obesidad","description":"Saber si se tiene una predisposici\u00f3n gen\u00e9tica a la obesidad permite \"anticiparse\" implementando estrategias preventivas.","robots":{"index":"index","follow":"follow","max-snippet":"max-snippet:-1","max-image-preview":"max-image-preview:large","max-video-preview":"max-video-preview:-1"},"canonical":"https:\/\/www.geklab.com\/es\/predisposiciones-geneticas-el-gen-fto-y-la-obesidad\/","og_locale":"es_ES","og_type":"article","og_title":"Predisposiciones gen\u00e9ticas: el gen FTO y la obesidad","og_description":"Saber si se tiene una predisposici\u00f3n gen\u00e9tica a la obesidad permite \"anticiparse\" implementando estrategias preventivas.","og_url":"https:\/\/www.geklab.com\/es\/predisposiciones-geneticas-el-gen-fto-y-la-obesidad\/","og_site_name":"GEK Lab","article_publisher":"https:\/\/www.facebook.com\/geklab.official","article_published_time":"2021-11-29T13:18:34+00:00","article_modified_time":"2025-02-18T17:37:17+00:00","og_image":[{"width":853,"height":561,"url":"https:\/\/www.geklab.com\/wp-content\/uploads\/2021\/11\/71881708_s.jpg","type":"image\/jpeg"}],"author":"Marcello Granata","twitter_card":"summary_large_image","twitter_misc":{"Written by":"Marcello Granata","Est. reading time":"3 minutes"},"schema":{"@context":"https:\/\/schema.org","@graph":[{"@type":"Article","@id":"https:\/\/www.geklab.com\/es\/predisposiciones-geneticas-el-gen-fto-y-la-obesidad\/#article","isPartOf":{"@id":"https:\/\/www.geklab.com\/es\/predisposiciones-geneticas-el-gen-fto-y-la-obesidad\/"},"author":{"name":"Marcello Granata","@id":"https:\/\/www.geklab.com\/#\/schema\/person\/2c8ef150ae357922935aff0f8c88c523"},"headline":"Predisposiciones gen\u00e9ticas: el gen FTO y la obesidad","datePublished":"2021-11-29T13:18:34+00:00","dateModified":"2025-02-18T17:37:17+00:00","mainEntityOfPage":{"@id":"https:\/\/www.geklab.com\/es\/predisposiciones-geneticas-el-gen-fto-y-la-obesidad\/"},"wordCount":350,"publisher":{"@id":"https:\/\/www.geklab.com\/#organization"},"keywords":["FTO","Glyco Medical Program","Obesidad","PerM\u00e8 Medical Program","S\u00edndrome metab\u00f3lico"],"articleSection":["Conocimientos Cient\u00edficos","Noticias y Art\u00edculos"],"inLanguage":"es-ES"},{"@type":"WebPage","@id":"https:\/\/www.geklab.com\/es\/predisposiciones-geneticas-el-gen-fto-y-la-obesidad\/","url":"https:\/\/www.geklab.com\/es\/predisposiciones-geneticas-el-gen-fto-y-la-obesidad\/","name":"Predisposiciones gen\u00e9ticas: el gen FTO y la obesidad","isPartOf":{"@id":"https:\/\/www.geklab.com\/#website"},"datePublished":"2021-11-29T13:18:34+00:00","dateModified":"2025-02-18T17:37:17+00:00","description":"Saber si se tiene una predisposici\u00f3n gen\u00e9tica a la obesidad permite \"anticiparse\" implementando estrategias preventivas.","breadcrumb":{"@id":"https:\/\/www.geklab.com\/es\/predisposiciones-geneticas-el-gen-fto-y-la-obesidad\/#breadcrumb"},"inLanguage":"es-ES","potentialAction":[{"@type":"ReadAction","target":["https:\/\/www.geklab.com\/es\/predisposiciones-geneticas-el-gen-fto-y-la-obesidad\/"]}]},{"@type":"BreadcrumbList","@id":"https:\/\/www.geklab.com\/es\/predisposiciones-geneticas-el-gen-fto-y-la-obesidad\/#breadcrumb","itemListElement":[{"@type":"ListItem","position":1,"name":"Home","item":"https:\/\/www.geklab.com\/es\/"},{"@type":"ListItem","position":2,"name":"Predisposiciones gen\u00e9ticas: el gen FTO y la obesidad"}]},{"@type":"WebSite","@id":"https:\/\/www.geklab.com\/#website","url":"https:\/\/www.geklab.com\/","name":"GEK Lab","description":"Science of Nutrition","publisher":{"@id":"https:\/\/www.geklab.com\/#organization"},"potentialAction":[{"@type":"SearchAction","target":{"@type":"EntryPoint","urlTemplate":"https:\/\/www.geklab.com\/?s={search_term_string}"},"query-input":"required name=search_term_string"}],"inLanguage":"es-ES"},{"@type":"Organization","@id":"https:\/\/www.geklab.com\/#organization","name":"GEK Lab","url":"https:\/\/www.geklab.com\/","logo":{"@type":"ImageObject","inLanguage":"es-ES","@id":"https:\/\/www.geklab.com\/#\/schema\/logo\/image\/","url":"https:\/\/www.geklab.com\/wp-content\/uploads\/2025\/03\/gek-vertical.jpg","contentUrl":"https:\/\/www.geklab.com\/wp-content\/uploads\/2025\/03\/gek-vertical.jpg","width":696,"height":696,"caption":"GEK Lab"},"image":{"@id":"https:\/\/www.geklab.com\/#\/schema\/logo\/image\/"},"sameAs":["https:\/\/www.facebook.com\/geklab.official","https:\/\/www.instagram.com\/geklab.official\/","https:\/\/www.linkedin.com\/company\/gek-srl\/"]},{"@type":"Person","@id":"https:\/\/www.geklab.com\/#\/schema\/person\/2c8ef150ae357922935aff0f8c88c523","name":"Marcello Granata","image":{"@type":"ImageObject","inLanguage":"es-ES","@id":"https:\/\/www.geklab.com\/#\/schema\/person\/image\/","url":"https:\/\/secure.gravatar.com\/avatar\/b8147a5b57f718ec632f8bd7250d3f21?s=96&d=mm&r=g","contentUrl":"https:\/\/secure.gravatar.com\/avatar\/b8147a5b57f718ec632f8bd7250d3f21?s=96&d=mm&r=g","caption":"Marcello Granata"}}]}},"uagb_featured_image_src":{"full":["https:\/\/www.geklab.com\/wp-content\/uploads\/2021\/11\/71881708_s.jpg",853,561,false],"thumbnail":["https:\/\/www.geklab.com\/wp-content\/uploads\/2021\/11\/71881708_s-150x150.jpg",150,150,true],"medium":["https:\/\/www.geklab.com\/wp-content\/uploads\/2021\/11\/71881708_s-300x197.jpg",300,197,true],"medium_large":["https:\/\/www.geklab.com\/wp-content\/uploads\/2021\/11\/71881708_s-768x505.jpg",768,505,true],"large":["https:\/\/www.geklab.com\/wp-content\/uploads\/2021\/11\/71881708_s.jpg",853,561,false],"1536x1536":["https:\/\/www.geklab.com\/wp-content\/uploads\/2021\/11\/71881708_s.jpg",853,561,false],"2048x2048":["https:\/\/www.geklab.com\/wp-content\/uploads\/2021\/11\/71881708_s.jpg",853,561,false],"xs-thumb":["https:\/\/www.geklab.com\/wp-content\/uploads\/2021\/11\/71881708_s.jpg",64,42,false],"woocommerce_archive_thumbnail":["https:\/\/www.geklab.com\/wp-content\/uploads\/2021\/11\/71881708_s-300x400.jpg",300,400,true],"woocommerce_thumbnail":["https:\/\/www.geklab.com\/wp-content\/uploads\/2021\/11\/71881708_s-300x400.jpg",300,400,true],"woocommerce_single":["https:\/\/www.geklab.com\/wp-content\/uploads\/2021\/11\/71881708_s-600x395.jpg",600,395,true],"woocommerce_gallery_thumbnail":["https:\/\/www.geklab.com\/wp-content\/uploads\/2021\/11\/71881708_s-100x100.jpg",50,50,true]},"uagb_author_info":{"display_name":"Marcello Granata","author_link":"https:\/\/www.geklab.com\/es\/author\/marcello\/"},"uagb_comment_info":0,"uagb_excerpt":"Evaluar si se tiene una predisposici\u00f3n gen\u00e9tica a la obesidad permite implementar estrategias alimentarias y complementarias con un enfoque preventivo.","_links":{"self":[{"href":"https:\/\/www.geklab.com\/es\/wp-json\/wp\/v2\/posts\/18099","targetHints":{"allow":["GET"]}}],"collection":[{"href":"https:\/\/www.geklab.com\/es\/wp-json\/wp\/v2\/posts"}],"about":[{"href":"https:\/\/www.geklab.com\/es\/wp-json\/wp\/v2\/types\/post"}],"author":[{"embeddable":true,"href":"https:\/\/www.geklab.com\/es\/wp-json\/wp\/v2\/users\/2"}],"replies":[{"embeddable":true,"href":"https:\/\/www.geklab.com\/es\/wp-json\/wp\/v2\/comments?post=18099"}],"version-history":[{"count":8,"href":"https:\/\/www.geklab.com\/es\/wp-json\/wp\/v2\/posts\/18099\/revisions"}],"predecessor-version":[{"id":20568,"href":"https:\/\/www.geklab.com\/es\/wp-json\/wp\/v2\/posts\/18099\/revisions\/20568"}],"wp:featuredmedia":[{"embeddable":true,"href":"https:\/\/www.geklab.com\/es\/wp-json\/wp\/v2\/media\/8537"}],"wp:attachment":[{"href":"https:\/\/www.geklab.com\/es\/wp-json\/wp\/v2\/media?parent=18099"}],"wp:term":[{"taxonomy":"category","embeddable":true,"href":"https:\/\/www.geklab.com\/es\/wp-json\/wp\/v2\/categories?post=18099"},{"taxonomy":"post_tag","embeddable":true,"href":"https:\/\/www.geklab.com\/es\/wp-json\/wp\/v2\/tags?post=18099"}],"curies":[{"name":"wp","href":"https:\/\/api.w.org\/{rel}","templated":true}]}}